{"id":662,"date":"2018-03-11T10:30:42","date_gmt":"2018-03-11T09:30:42","guid":{"rendered":"https:\/\/www.veranstaltungsfotograf-berlin.de\/eventfotografen_berlin\/?p=662"},"modified":"2020-01-06T10:47:13","modified_gmt":"2020-01-06T09:47:13","slug":"itb-berlin-2018","status":"publish","type":"post","link":"https:\/\/www.eventfotografen.berlin\/en\/2018\/03\/11\/itb-berlin-2018\/","title":{"rendered":"ITB Berlin 2018"},"content":{"rendered":"<p>[et_pb_section fb_built=&#8221;1&#8243; _builder_version=&#8221;4.0.11&#8243; custom_padding=&#8221;0px|||||&#8221;][et_pb_row _builder_version=&#8221;4.0.11&#8243;][et_pb_column type=&#8221;4_4&#8243; _builder_version=&#8221;4.0.11&#8243;][et_pb_text _builder_version=&#8221;4.0.11&#8243;]<\/p>\n<p>Auch in diesem Jahr hat im M\u00e4rz die weltweit gr\u00f6\u00dfte Tourismusmesse, die ITB, ihre Pforten in den Berliner Messehallen ge\u00f6ffnet. Wir waren f\u00fcr die Messe Berlin als Messefotografen an den Besuchertagen unterwegs. Hier hat die Messe neben den Fachbesuchern f\u00fcr das gesamte Publikum ge\u00f6ffnet.<\/p>\n<p>Neben den weltweit attraktiven Reisezielen hat die Tourismusmesse f\u00fcr das Publikum vieles weitere zu bieten \u2013 von kulinarischen K\u00f6stlichkeiten bis hin zu gro\u00dfen Gewinnspielen. Wir hatten die Gelegenheit vielf\u00e4ltige Impressionen einzufangen von einer ITB 2018, in dem zum ersten Mal mit Mecklenburg-Vorpommern, ein deutsches Bundesland, Partnerland der ITB war.<\/p>\n<p>Der Staffelstab, in diesem Fall ein Miniaturstrandkorb, wurde bei der Abschlussveranstaltung an das kommende Partnerland Malaysia \u00fcbergeben.<\/p>\n<p>[\/et_pb_text][\/et_pb_column][\/et_pb_row][et_pb_row _builder_version=&#8221;4.0.11&#8243;][et_pb_column type=&#8221;4_4&#8243; _builder_version=&#8221;4.0.11&#8243;][et_pb_gallery gallery_ids=&#8221;663,664,665,666,667,668,669,670,671,672,673,674,675,676,677,678,679,680,681,682,683,684,685,686,687,688,689,690,691,692,693,694,695,696,697&#8243; posts_number=&#8221;28&#8243; show_title_and_caption=&#8221;off&#8221; _builder_version=&#8221;4.0.11&#8243; custom_padding=&#8221;||0px|||&#8221;][\/et_pb_gallery][et_pb_post_nav _builder_version=&#8221;4.0.11&#8243; hover_enabled=&#8221;0&#8243;][\/et_pb_post_nav][\/et_pb_column][\/et_pb_row][\/et_pb_section]<\/p>\n","protected":false},"excerpt":{"rendered":"<p>Auch in diesem Jahr hat im M\u00e4rz die weltweit gr\u00f6\u00dfte Tourismusmesse, die ITB, ihre Pforten in den Berliner Messehallen ge\u00f6ffnet. Wir waren f\u00fcr die Messe Berlin als Messefotografen an den Besuchertagen unterwegs. Hier hat die Messe neben den Fachbesuchern f\u00fcr das gesamte Publikum ge\u00f6ffnet. Neben den weltweit attraktiven Reisezielen hat die Tourismusmesse f\u00fcr das Publikum [&hellip;]<\/p>\n","protected":false},"author":1,"featured_media":665,"comment_status":"open","ping_status":"open","sticky":false,"template":"","format":"image","meta":{"_et_pb_use_builder":"on","_et_pb_old_content":"","_et_gb_content_width":"","footnotes":""},"categories":[5],"tags":[],"dipi_cpt_category":[],"class_list":["post-662","post","type-post","status-publish","format-image","has-post-thumbnail","hentry","category-messefotografie","post_format-post-format-image"],"yoast_head":"<!-- This site is optimized with the Yoast SEO plugin v27.5 - https:\/\/yoast.com\/product\/yoast-seo-wordpress\/ -->\n<title>ITB Berlin 2018 - Eventfotografen Berlin<\/title>\n<meta name=\"robots\" content=\"index, follow, max-snippet:-1, max-image-preview:large, max-video-preview:-1\" \/>\n<link rel=\"canonical\" href=\"https:\/\/www.eventfotografen.berlin\/2018\/03\/11\/itb-berlin-2018\/\" \/>\n<meta property=\"og:locale\" content=\"en_US\" \/>\n<meta property=\"og:type\" content=\"article\" \/>\n<meta property=\"og:title\" content=\"ITB Berlin 2018 - Eventfotografen Berlin\" \/>\n<meta property=\"og:description\" content=\"Auch in diesem Jahr hat im M\u00e4rz die weltweit gr\u00f6\u00dfte Tourismusmesse, die ITB, ihre Pforten in den Berliner Messehallen ge\u00f6ffnet. Wir waren f\u00fcr die Messe Berlin als Messefotografen an den Besuchertagen unterwegs. Hier hat die Messe neben den Fachbesuchern f\u00fcr das gesamte Publikum ge\u00f6ffnet. Neben den weltweit attraktiven Reisezielen hat die Tourismusmesse f\u00fcr das Publikum [&hellip;]\" \/>\n<meta property=\"og:url\" content=\"https:\/\/www.eventfotografen.berlin\/2018\/03\/11\/itb-berlin-2018\/\" \/>\n<meta property=\"og:site_name\" content=\"Eventfotografen Berlin\" \/>\n<meta property=\"article:published_time\" content=\"2018-03-11T09:30:42+00:00\" \/>\n<meta property=\"article:modified_time\" content=\"2020-01-06T09:47:13+00:00\" \/>\n<meta property=\"og:image\" content=\"https:\/\/www.eventfotografen.berlin\/wp-content\/uploads\/2020\/01\/Veranstaltungsfotograf-Berlin_Messe_ITB-Berlin_Messeimpressionen-2018_03.jpg\" \/>\n\t<meta property=\"og:image:width\" content=\"1600\" \/>\n\t<meta property=\"og:image:height\" content=\"1067\" \/>\n\t<meta property=\"og:image:type\" content=\"image\/jpeg\" \/>\n<meta name=\"author\" content=\"Konstantin\" \/>\n<meta name=\"twitter:card\" content=\"summary_large_image\" \/>\n<meta name=\"twitter:label1\" content=\"Written by\" \/>\n\t<meta name=\"twitter:data1\" content=\"Konstantin\" \/>\n\t<meta name=\"twitter:label2\" content=\"Est. reading time\" \/>\n\t<meta name=\"twitter:data2\" content=\"1 minute\" \/>\n<script type=\"application\/ld+json\" class=\"yoast-schema-graph\">{\"@context\":\"https:\\\/\\\/schema.org\",\"@graph\":[{\"@type\":\"Article\",\"@id\":\"https:\\\/\\\/www.eventfotografen.berlin\\\/2018\\\/03\\\/11\\\/itb-berlin-2018\\\/#article\",\"isPartOf\":{\"@id\":\"https:\\\/\\\/www.eventfotografen.berlin\\\/2018\\\/03\\\/11\\\/itb-berlin-2018\\\/\"},\"author\":{\"name\":\"Konstantin\",\"@id\":\"https:\\\/\\\/www.eventfotografen.berlin\\\/#\\\/schema\\\/person\\\/66588b44235e32eeb19b048e4aca5273\"},\"headline\":\"ITB Berlin 2018\",\"datePublished\":\"2018-03-11T09:30:42+00:00\",\"dateModified\":\"2020-01-06T09:47:13+00:00\",\"mainEntityOfPage\":{\"@id\":\"https:\\\/\\\/www.eventfotografen.berlin\\\/2018\\\/03\\\/11\\\/itb-berlin-2018\\\/\"},\"wordCount\":207,\"commentCount\":0,\"publisher\":{\"@id\":\"https:\\\/\\\/www.eventfotografen.berlin\\\/#organization\"},\"image\":{\"@id\":\"https:\\\/\\\/www.eventfotografen.berlin\\\/2018\\\/03\\\/11\\\/itb-berlin-2018\\\/#primaryimage\"},\"thumbnailUrl\":\"https:\\\/\\\/www.eventfotografen.berlin\\\/wp-content\\\/uploads\\\/2020\\\/01\\\/Veranstaltungsfotograf-Berlin_Messe_ITB-Berlin_Messeimpressionen-2018_03.jpg\",\"articleSection\":[\"Messefotografie\"],\"inLanguage\":\"en-US\",\"potentialAction\":[{\"@type\":\"CommentAction\",\"name\":\"Comment\",\"target\":[\"https:\\\/\\\/www.eventfotografen.berlin\\\/2018\\\/03\\\/11\\\/itb-berlin-2018\\\/#respond\"]}]},{\"@type\":\"WebPage\",\"@id\":\"https:\\\/\\\/www.eventfotografen.berlin\\\/2018\\\/03\\\/11\\\/itb-berlin-2018\\\/\",\"url\":\"https:\\\/\\\/www.eventfotografen.berlin\\\/2018\\\/03\\\/11\\\/itb-berlin-2018\\\/\",\"name\":\"ITB Berlin 2018 - Eventfotografen Berlin\",\"isPartOf\":{\"@id\":\"https:\\\/\\\/www.eventfotografen.berlin\\\/#website\"},\"primaryImageOfPage\":{\"@id\":\"https:\\\/\\\/www.eventfotografen.berlin\\\/2018\\\/03\\\/11\\\/itb-berlin-2018\\\/#primaryimage\"},\"image\":{\"@id\":\"https:\\\/\\\/www.eventfotografen.berlin\\\/2018\\\/03\\\/11\\\/itb-berlin-2018\\\/#primaryimage\"},\"thumbnailUrl\":\"https:\\\/\\\/www.eventfotografen.berlin\\\/wp-content\\\/uploads\\\/2020\\\/01\\\/Veranstaltungsfotograf-Berlin_Messe_ITB-Berlin_Messeimpressionen-2018_03.jpg\",\"datePublished\":\"2018-03-11T09:30:42+00:00\",\"dateModified\":\"2020-01-06T09:47:13+00:00\",\"breadcrumb\":{\"@id\":\"https:\\\/\\\/www.eventfotografen.berlin\\\/2018\\\/03\\\/11\\\/itb-berlin-2018\\\/#breadcrumb\"},\"inLanguage\":\"en-US\",\"potentialAction\":[{\"@type\":\"ReadAction\",\"target\":[\"https:\\\/\\\/www.eventfotografen.berlin\\\/2018\\\/03\\\/11\\\/itb-berlin-2018\\\/\"]}]},{\"@type\":\"ImageObject\",\"inLanguage\":\"en-US\",\"@id\":\"https:\\\/\\\/www.eventfotografen.berlin\\\/2018\\\/03\\\/11\\\/itb-berlin-2018\\\/#primaryimage\",\"url\":\"https:\\\/\\\/www.eventfotografen.berlin\\\/wp-content\\\/uploads\\\/2020\\\/01\\\/Veranstaltungsfotograf-Berlin_Messe_ITB-Berlin_Messeimpressionen-2018_03.jpg\",\"contentUrl\":\"https:\\\/\\\/www.eventfotografen.berlin\\\/wp-content\\\/uploads\\\/2020\\\/01\\\/Veranstaltungsfotograf-Berlin_Messe_ITB-Berlin_Messeimpressionen-2018_03.jpg\",\"width\":1600,\"height\":1067},{\"@type\":\"BreadcrumbList\",\"@id\":\"https:\\\/\\\/www.eventfotografen.berlin\\\/2018\\\/03\\\/11\\\/itb-berlin-2018\\\/#breadcrumb\",\"itemListElement\":[{\"@type\":\"ListItem\",\"position\":1,\"name\":\"Startseite\",\"item\":\"https:\\\/\\\/www.eventfotografen.berlin\\\/en\\\/\"},{\"@type\":\"ListItem\",\"position\":2,\"name\":\"ITB Berlin 2018\"}]},{\"@type\":\"WebSite\",\"@id\":\"https:\\\/\\\/www.eventfotografen.berlin\\\/#website\",\"url\":\"https:\\\/\\\/www.eventfotografen.berlin\\\/\",\"name\":\"Eventfotografen Berlin\",\"description\":\"Ihre Profis f\u00fcr Eventfotografie, Konferenzfotografie &amp; Messefotografie\",\"publisher\":{\"@id\":\"https:\\\/\\\/www.eventfotografen.berlin\\\/#organization\"},\"potentialAction\":[{\"@type\":\"SearchAction\",\"target\":{\"@type\":\"EntryPoint\",\"urlTemplate\":\"https:\\\/\\\/www.eventfotografen.berlin\\\/?s={search_term_string}\"},\"query-input\":{\"@type\":\"PropertyValueSpecification\",\"valueRequired\":true,\"valueName\":\"search_term_string\"}}],\"inLanguage\":\"en-US\"},{\"@type\":\"Organization\",\"@id\":\"https:\\\/\\\/www.eventfotografen.berlin\\\/#organization\",\"name\":\"Eventfotografen Berlin\",\"url\":\"https:\\\/\\\/www.eventfotografen.berlin\\\/\",\"logo\":{\"@type\":\"ImageObject\",\"inLanguage\":\"en-US\",\"@id\":\"https:\\\/\\\/www.eventfotografen.berlin\\\/#\\\/schema\\\/logo\\\/image\\\/\",\"url\":\"https:\\\/\\\/www.eventfotografen.berlin\\\/wp-content\\\/uploads\\\/2020\\\/01\\\/web_logo_eventfotografen_berlin_schmal.png\",\"contentUrl\":\"https:\\\/\\\/www.eventfotografen.berlin\\\/wp-content\\\/uploads\\\/2020\\\/01\\\/web_logo_eventfotografen_berlin_schmal.png\",\"width\":300,\"height\":44,\"caption\":\"Eventfotografen Berlin\"},\"image\":{\"@id\":\"https:\\\/\\\/www.eventfotografen.berlin\\\/#\\\/schema\\\/logo\\\/image\\\/\"}},{\"@type\":\"Person\",\"@id\":\"https:\\\/\\\/www.eventfotografen.berlin\\\/#\\\/schema\\\/person\\\/66588b44235e32eeb19b048e4aca5273\",\"name\":\"Konstantin\",\"image\":{\"@type\":\"ImageObject\",\"inLanguage\":\"en-US\",\"@id\":\"https:\\\/\\\/secure.gravatar.com\\\/avatar\\\/62b47dd914b71aa0ecc4944f344fc8d649c5d1b5c226697b6555fc9ee4d60187?s=96&d=mm&r=g\",\"url\":\"https:\\\/\\\/secure.gravatar.com\\\/avatar\\\/62b47dd914b71aa0ecc4944f344fc8d649c5d1b5c226697b6555fc9ee4d60187?s=96&d=mm&r=g\",\"contentUrl\":\"https:\\\/\\\/secure.gravatar.com\\\/avatar\\\/62b47dd914b71aa0ecc4944f344fc8d649c5d1b5c226697b6555fc9ee4d60187?s=96&d=mm&r=g\",\"caption\":\"Konstantin\"}}]}<\/script>\n<!-- \/ Yoast SEO plugin. -->","yoast_head_json":{"title":"ITB Berlin 2018 - Eventfotografen Berlin","robots":{"index":"index","follow":"follow","max-snippet":"max-snippet:-1","max-image-preview":"max-image-preview:large","max-video-preview":"max-video-preview:-1"},"canonical":"https:\/\/www.eventfotografen.berlin\/2018\/03\/11\/itb-berlin-2018\/","og_locale":"en_US","og_type":"article","og_title":"ITB Berlin 2018 - Eventfotografen Berlin","og_description":"Auch in diesem Jahr hat im M\u00e4rz die weltweit gr\u00f6\u00dfte Tourismusmesse, die ITB, ihre Pforten in den Berliner Messehallen ge\u00f6ffnet. Wir waren f\u00fcr die Messe Berlin als Messefotografen an den Besuchertagen unterwegs. Hier hat die Messe neben den Fachbesuchern f\u00fcr das gesamte Publikum ge\u00f6ffnet. Neben den weltweit attraktiven Reisezielen hat die Tourismusmesse f\u00fcr das Publikum [&hellip;]","og_url":"https:\/\/www.eventfotografen.berlin\/2018\/03\/11\/itb-berlin-2018\/","og_site_name":"Eventfotografen Berlin","article_published_time":"2018-03-11T09:30:42+00:00","article_modified_time":"2020-01-06T09:47:13+00:00","og_image":[{"width":1600,"height":1067,"url":"https:\/\/www.eventfotografen.berlin\/wp-content\/uploads\/2020\/01\/Veranstaltungsfotograf-Berlin_Messe_ITB-Berlin_Messeimpressionen-2018_03.jpg","type":"image\/jpeg"}],"author":"Konstantin","twitter_card":"summary_large_image","twitter_misc":{"Written by":"Konstantin","Est. reading time":"1 minute"},"schema":{"@context":"https:\/\/schema.org","@graph":[{"@type":"Article","@id":"https:\/\/www.eventfotografen.berlin\/2018\/03\/11\/itb-berlin-2018\/#article","isPartOf":{"@id":"https:\/\/www.eventfotografen.berlin\/2018\/03\/11\/itb-berlin-2018\/"},"author":{"name":"Konstantin","@id":"https:\/\/www.eventfotografen.berlin\/#\/schema\/person\/66588b44235e32eeb19b048e4aca5273"},"headline":"ITB Berlin 2018","datePublished":"2018-03-11T09:30:42+00:00","dateModified":"2020-01-06T09:47:13+00:00","mainEntityOfPage":{"@id":"https:\/\/www.eventfotografen.berlin\/2018\/03\/11\/itb-berlin-2018\/"},"wordCount":207,"commentCount":0,"publisher":{"@id":"https:\/\/www.eventfotografen.berlin\/#organization"},"image":{"@id":"https:\/\/www.eventfotografen.berlin\/2018\/03\/11\/itb-berlin-2018\/#primaryimage"},"thumbnailUrl":"https:\/\/www.eventfotografen.berlin\/wp-content\/uploads\/2020\/01\/Veranstaltungsfotograf-Berlin_Messe_ITB-Berlin_Messeimpressionen-2018_03.jpg","articleSection":["Messefotografie"],"inLanguage":"en-US","potentialAction":[{"@type":"CommentAction","name":"Comment","target":["https:\/\/www.eventfotografen.berlin\/2018\/03\/11\/itb-berlin-2018\/#respond"]}]},{"@type":"WebPage","@id":"https:\/\/www.eventfotografen.berlin\/2018\/03\/11\/itb-berlin-2018\/","url":"https:\/\/www.eventfotografen.berlin\/2018\/03\/11\/itb-berlin-2018\/","name":"ITB Berlin 2018 - Eventfotografen Berlin","isPartOf":{"@id":"https:\/\/www.eventfotografen.berlin\/#website"},"primaryImageOfPage":{"@id":"https:\/\/www.eventfotografen.berlin\/2018\/03\/11\/itb-berlin-2018\/#primaryimage"},"image":{"@id":"https:\/\/www.eventfotografen.berlin\/2018\/03\/11\/itb-berlin-2018\/#primaryimage"},"thumbnailUrl":"https:\/\/www.eventfotografen.berlin\/wp-content\/uploads\/2020\/01\/Veranstaltungsfotograf-Berlin_Messe_ITB-Berlin_Messeimpressionen-2018_03.jpg","datePublished":"2018-03-11T09:30:42+00:00","dateModified":"2020-01-06T09:47:13+00:00","breadcrumb":{"@id":"https:\/\/www.eventfotografen.berlin\/2018\/03\/11\/itb-berlin-2018\/#breadcrumb"},"inLanguage":"en-US","potentialAction":[{"@type":"ReadAction","target":["https:\/\/www.eventfotografen.berlin\/2018\/03\/11\/itb-berlin-2018\/"]}]},{"@type":"ImageObject","inLanguage":"en-US","@id":"https:\/\/www.eventfotografen.berlin\/2018\/03\/11\/itb-berlin-2018\/#primaryimage","url":"https:\/\/www.eventfotografen.berlin\/wp-content\/uploads\/2020\/01\/Veranstaltungsfotograf-Berlin_Messe_ITB-Berlin_Messeimpressionen-2018_03.jpg","contentUrl":"https:\/\/www.eventfotografen.berlin\/wp-content\/uploads\/2020\/01\/Veranstaltungsfotograf-Berlin_Messe_ITB-Berlin_Messeimpressionen-2018_03.jpg","width":1600,"height":1067},{"@type":"BreadcrumbList","@id":"https:\/\/www.eventfotografen.berlin\/2018\/03\/11\/itb-berlin-2018\/#breadcrumb","itemListElement":[{"@type":"ListItem","position":1,"name":"Startseite","item":"https:\/\/www.eventfotografen.berlin\/en\/"},{"@type":"ListItem","position":2,"name":"ITB Berlin 2018"}]},{"@type":"WebSite","@id":"https:\/\/www.eventfotografen.berlin\/#website","url":"https:\/\/www.eventfotografen.berlin\/","name":"Eventfotografen Berlin","description":"Ihre Profis f\u00fcr Eventfotografie, Konferenzfotografie &amp; Messefotografie","publisher":{"@id":"https:\/\/www.eventfotografen.berlin\/#organization"},"potentialAction":[{"@type":"SearchAction","target":{"@type":"EntryPoint","urlTemplate":"https:\/\/www.eventfotografen.berlin\/?s={search_term_string}"},"query-input":{"@type":"PropertyValueSpecification","valueRequired":true,"valueName":"search_term_string"}}],"inLanguage":"en-US"},{"@type":"Organization","@id":"https:\/\/www.eventfotografen.berlin\/#organization","name":"Eventfotografen Berlin","url":"https:\/\/www.eventfotografen.berlin\/","logo":{"@type":"ImageObject","inLanguage":"en-US","@id":"https:\/\/www.eventfotografen.berlin\/#\/schema\/logo\/image\/","url":"https:\/\/www.eventfotografen.berlin\/wp-content\/uploads\/2020\/01\/web_logo_eventfotografen_berlin_schmal.png","contentUrl":"https:\/\/www.eventfotografen.berlin\/wp-content\/uploads\/2020\/01\/web_logo_eventfotografen_berlin_schmal.png","width":300,"height":44,"caption":"Eventfotografen Berlin"},"image":{"@id":"https:\/\/www.eventfotografen.berlin\/#\/schema\/logo\/image\/"}},{"@type":"Person","@id":"https:\/\/www.eventfotografen.berlin\/#\/schema\/person\/66588b44235e32eeb19b048e4aca5273","name":"Konstantin","image":{"@type":"ImageObject","inLanguage":"en-US","@id":"https:\/\/secure.gravatar.com\/avatar\/62b47dd914b71aa0ecc4944f344fc8d649c5d1b5c226697b6555fc9ee4d60187?s=96&d=mm&r=g","url":"https:\/\/secure.gravatar.com\/avatar\/62b47dd914b71aa0ecc4944f344fc8d649c5d1b5c226697b6555fc9ee4d60187?s=96&d=mm&r=g","contentUrl":"https:\/\/secure.gravatar.com\/avatar\/62b47dd914b71aa0ecc4944f344fc8d649c5d1b5c226697b6555fc9ee4d60187?s=96&d=mm&r=g","caption":"Konstantin"}}]}},"_links":{"self":[{"href":"https:\/\/www.eventfotografen.berlin\/en\/wp-json\/wp\/v2\/posts\/662","targetHints":{"allow":["GET"]}}],"collection":[{"href":"https:\/\/www.eventfotografen.berlin\/en\/wp-json\/wp\/v2\/posts"}],"about":[{"href":"https:\/\/www.eventfotografen.berlin\/en\/wp-json\/wp\/v2\/types\/post"}],"author":[{"embeddable":true,"href":"https:\/\/www.eventfotografen.berlin\/en\/wp-json\/wp\/v2\/users\/1"}],"replies":[{"embeddable":true,"href":"https:\/\/www.eventfotografen.berlin\/en\/wp-json\/wp\/v2\/comments?post=662"}],"version-history":[{"count":3,"href":"https:\/\/www.eventfotografen.berlin\/en\/wp-json\/wp\/v2\/posts\/662\/revisions"}],"predecessor-version":[{"id":708,"href":"https:\/\/www.eventfotografen.berlin\/en\/wp-json\/wp\/v2\/posts\/662\/revisions\/708"}],"wp:featuredmedia":[{"embeddable":true,"href":"https:\/\/www.eventfotografen.berlin\/en\/wp-json\/wp\/v2\/media\/665"}],"wp:attachment":[{"href":"https:\/\/www.eventfotografen.berlin\/en\/wp-json\/wp\/v2\/media?parent=662"}],"wp:term":[{"taxonomy":"category","embeddable":true,"href":"https:\/\/www.eventfotografen.berlin\/en\/wp-json\/wp\/v2\/categories?post=662"},{"taxonomy":"post_tag","embeddable":true,"href":"https:\/\/www.eventfotografen.berlin\/en\/wp-json\/wp\/v2\/tags?post=662"},{"taxonomy":"dipi_cpt_category","embeddable":true,"href":"https:\/\/www.eventfotografen.berlin\/en\/wp-json\/wp\/v2\/dipi_cpt_category?post=662"}],"curies":[{"name":"wp","href":"https:\/\/api.w.org\/{rel}","templated":true}]}}