{"id":5043,"date":"2025-07-08T09:01:10","date_gmt":"2025-07-08T07:01:10","guid":{"rendered":"https:\/\/www.eventfotografen.berlin\/?p=5043"},"modified":"2025-07-08T09:01:13","modified_gmt":"2025-07-08T07:01:13","slug":"berliner-hoffest-2025-fotografisch-im-einsatz-fuer-berlins-groesstes-sommerfest","status":"publish","type":"post","link":"https:\/\/www.eventfotografen.berlin\/en\/2025\/07\/08\/berliner-hoffest-2025-fotografisch-im-einsatz-fuer-berlins-groesstes-sommerfest\/","title":{"rendered":"Berliner Hoffest 2025: Fotografisch im Einsatz f\u00fcr Berlins gr\u00f6\u00dftes Sommerfest"},"content":{"rendered":"<p>[et_pb_section fb_built=&#8221;1&#8243; _builder_version=&#8221;4.16&#8243; custom_padding=&#8221;0px|||||&#8221; hover_enabled=&#8221;0&#8243; global_colors_info=&#8221;{}&#8221; theme_builder_area=&#8221;post_content&#8221; sticky_enabled=&#8221;0&#8243;][et_pb_row _builder_version=&#8221;4.16&#8243; global_colors_info=&#8221;{}&#8221; theme_builder_area=&#8221;post_content&#8221;][et_pb_column type=&#8221;4_4&#8243; _builder_version=&#8221;4.16&#8243; global_colors_info=&#8221;{}&#8221; theme_builder_area=&#8221;post_content&#8221;][et_pb_text _builder_version=&#8221;4.27.4&#8243; custom_padding=&#8221;||0px|||&#8221; hover_enabled=&#8221;0&#8243; global_colors_info=&#8221;{}&#8221; theme_builder_area=&#8221;post_content&#8221; sticky_enabled=&#8221;0&#8243;]<\/p>\n<p data-start=\"308\" data-end=\"613\">Mehr als 4.000 geladene G\u00e4ste aus Politik, Wirtschaft, Kultur und Zivilgesellschaft: <a href=\"https:\/\/www.berlin-partner.de\/netzwerk\/berliner-hoffest\" target=\"_blank\" rel=\"noopener\">Das Berliner Hoffest 2025<\/a> war wieder ein bedeutendes Ereignis im Veranstaltungskalender der Hauptstadt. Auch wir waren als eingespieltes Fotografenteam vor Ort und haben das Fest aus verschiedenen Perspektiven begleitet.<\/p>\n<p data-start=\"615\" data-end=\"987\">W\u00e4hrend einer von uns den offiziellen Rundgang des Regierenden B\u00fcrgermeisters Kai Wegner dokumentierte, waren die anderen Fotografen mitten im Geschehen und fingen Impressionen von den St\u00e4nden, dem B\u00fchnenprogramm und der besonderen Atmosph\u00e4re ein. Dank eingespielter Abl\u00e4ufe konnten wir bereits w\u00e4hrend der Veranstaltung erste Bilder f\u00fcr die Social-Media-Kommunikation bereitstellen.<\/p>\n<p data-start=\"989\" data-end=\"1067\">Ein rundum gelungener Abend bei sommerlichen Temperaturen \u2013 hier ein Ausschnitt unserer fotografischen Eindr\u00fccke:<\/p>\n<p>[\/et_pb_text][\/et_pb_column][\/et_pb_row][et_pb_row _builder_version=&#8221;4.16&#8243; custom_margin=&#8221;-394px|auto||auto||&#8221; global_colors_info=&#8221;{}&#8221; theme_builder_area=&#8221;post_content&#8221;][et_pb_column type=&#8221;4_4&#8243; _builder_version=&#8221;4.16&#8243; global_colors_info=&#8221;{}&#8221; theme_builder_area=&#8221;post_content&#8221;][et_pb_toggle title=&#8221;Fakten zum Event hier im Detail&#8221; _builder_version=&#8221;4.27.4&#8243; min_height=&#8221;30px&#8221; custom_margin=&#8221;14px|||||&#8221; custom_padding=&#8221;12px||13px|||&#8221; hover_enabled=&#8221;0&#8243; global_colors_info=&#8221;{}&#8221; theme_builder_area=&#8221;post_content&#8221; sticky_enabled=&#8221;0&#8243;]<\/p>\n<p><span>Bereich:\u00a0 Eventfotografie<br \/><\/span><span>Begleitungsl\u00e4nge: 9 Stunden \/ 3 Fotografen<br \/>Format: Fest<br \/>Ort: Berlin \/ Rotes Rathaus<br \/>G\u00e4ste: 4000<\/span><\/p>\n<p>[\/et_pb_toggle][et_pb_text _builder_version=&#8221;4.27.0&#8243; _module_preset=&#8221;default&#8221; custom_margin=&#8221;28px|||||&#8221; global_colors_info=&#8221;{}&#8221; theme_builder_area=&#8221;post_content&#8221;]<\/p>\n<p>Fotogalerie:<\/p>\n<p>[\/et_pb_text][dipi_masonry_gallery gallery_ids=&#8221;4969,4971,4973,4975,4977,4979,4981,4983,4985,4987,4989,4991,4993,4995,4997,4999,5001,5003,5005,5007,5009,5011,5013,5015,5017,5019,5021,5023,5025,5027,5029,5031,5033,5035,5037,5039,5041&#8243; columns=&#8221;2&#8243; _builder_version=&#8221;4.27.4&#8243; _module_preset=&#8221;default&#8221; hover_enabled=&#8221;0&#8243; global_colors_info=&#8221;{}&#8221; theme_builder_area=&#8221;post_content&#8221; sticky_enabled=&#8221;0&#8243;][\/dipi_masonry_gallery][\/et_pb_column][\/et_pb_row][et_pb_row _builder_version=&#8221;4.19.5&#8243; _module_preset=&#8221;default&#8221; global_colors_info=&#8221;{}&#8221; theme_builder_area=&#8221;post_content&#8221;][et_pb_column type=&#8221;4_4&#8243; _builder_version=&#8221;4.19.5&#8243; _module_preset=&#8221;default&#8221; global_colors_info=&#8221;{}&#8221; theme_builder_area=&#8221;post_content&#8221;][et_pb_post_nav _builder_version=&#8221;4.16&#8243; min_height=&#8221;6px&#8221; custom_margin=&#8221;-23px|||||&#8221; custom_padding=&#8221;0px|||||&#8221; global_colors_info=&#8221;{}&#8221; theme_builder_area=&#8221;post_content&#8221;][\/et_pb_post_nav][\/et_pb_column][\/et_pb_row][\/et_pb_section]<\/p>\n","protected":false},"excerpt":{"rendered":"<p>Mehr als 4.000 geladene G\u00e4ste aus Politik, Wirtschaft, Kultur und Zivilgesellschaft: Das Berliner Hoffest 2025 war wieder ein bedeutendes Ereignis im Veranstaltungskalender der Hauptstadt. Auch wir waren als eingespieltes Fotografenteam vor Ort und haben das Fest aus verschiedenen Perspektiven begleitet. W\u00e4hrend einer von uns den offiziellen Rundgang des Regierenden B\u00fcrgermeisters Kai Wegner dokumentierte, waren die [&hellip;]<\/p>\n","protected":false},"author":1,"featured_media":5037,"comment_status":"closed","ping_status":"open","sticky":false,"template":"","format":"image","meta":{"_et_pb_use_builder":"on","_et_pb_old_content":"","_et_gb_content_width":"1080","footnotes":""},"categories":[3],"tags":[],"dipi_cpt_category":[],"class_list":["post-5043","post","type-post","status-publish","format-image","has-post-thumbnail","hentry","category-eventfotografie","post_format-post-format-image"],"yoast_head":"<!-- This site is optimized with the Yoast SEO plugin v27.4 - https:\/\/yoast.com\/product\/yoast-seo-wordpress\/ -->\n<title>Berliner Hoffest 2025: Fotografisch im Einsatz f\u00fcr Berlins gr\u00f6\u00dftes Sommerfest - Eventfotografen Berlin<\/title>\n<meta name=\"robots\" content=\"index, follow, max-snippet:-1, max-image-preview:large, max-video-preview:-1\" \/>\n<link rel=\"canonical\" href=\"https:\/\/www.eventfotografen.berlin\/en\/2025\/07\/08\/berliner-hoffest-2025-fotografisch-im-einsatz-fuer-berlins-groesstes-sommerfest\/\" \/>\n<meta property=\"og:locale\" content=\"en_US\" \/>\n<meta property=\"og:type\" content=\"article\" \/>\n<meta property=\"og:title\" content=\"Berliner Hoffest 2025: Fotografisch im Einsatz f\u00fcr Berlins gr\u00f6\u00dftes Sommerfest - Eventfotografen Berlin\" \/>\n<meta property=\"og:description\" content=\"Mehr als 4.000 geladene G\u00e4ste aus Politik, Wirtschaft, Kultur und Zivilgesellschaft: Das Berliner Hoffest 2025 war wieder ein bedeutendes Ereignis im Veranstaltungskalender der Hauptstadt. Auch wir waren als eingespieltes Fotografenteam vor Ort und haben das Fest aus verschiedenen Perspektiven begleitet. W\u00e4hrend einer von uns den offiziellen Rundgang des Regierenden B\u00fcrgermeisters Kai Wegner dokumentierte, waren die [&hellip;]\" \/>\n<meta property=\"og:url\" content=\"https:\/\/www.eventfotografen.berlin\/en\/2025\/07\/08\/berliner-hoffest-2025-fotografisch-im-einsatz-fuer-berlins-groesstes-sommerfest\/\" \/>\n<meta property=\"og:site_name\" content=\"Eventfotografen Berlin\" \/>\n<meta property=\"article:published_time\" content=\"2025-07-08T07:01:10+00:00\" \/>\n<meta property=\"article:modified_time\" content=\"2025-07-08T07:01:13+00:00\" \/>\n<meta property=\"og:image\" content=\"https:\/\/www.eventfotografen.berlin\/wp-content\/uploads\/2025\/07\/web_BerlinerHoffest_Eventfotograf_Berlin-35.jpg\" \/>\n\t<meta property=\"og:image:width\" content=\"2000\" \/>\n\t<meta property=\"og:image:height\" content=\"1334\" \/>\n\t<meta property=\"og:image:type\" content=\"image\/jpeg\" \/>\n<meta name=\"author\" content=\"Konstantin\" \/>\n<meta name=\"twitter:card\" content=\"summary_large_image\" \/>\n<meta name=\"twitter:label1\" content=\"Written by\" \/>\n\t<meta name=\"twitter:data1\" content=\"Konstantin\" \/>\n\t<meta name=\"twitter:label2\" content=\"Est. reading time\" \/>\n\t<meta name=\"twitter:data2\" content=\"9 minutes\" \/>\n<script type=\"application\/ld+json\" class=\"yoast-schema-graph\">{\"@context\":\"https:\\\/\\\/schema.org\",\"@graph\":[{\"@type\":\"Article\",\"@id\":\"https:\\\/\\\/www.eventfotografen.berlin\\\/en\\\/2025\\\/07\\\/08\\\/berliner-hoffest-2025-fotografisch-im-einsatz-fuer-berlins-groesstes-sommerfest\\\/#article\",\"isPartOf\":{\"@id\":\"https:\\\/\\\/www.eventfotografen.berlin\\\/en\\\/2025\\\/07\\\/08\\\/berliner-hoffest-2025-fotografisch-im-einsatz-fuer-berlins-groesstes-sommerfest\\\/\"},\"author\":{\"name\":\"Konstantin\",\"@id\":\"https:\\\/\\\/www.eventfotografen.berlin\\\/#\\\/schema\\\/person\\\/66588b44235e32eeb19b048e4aca5273\"},\"headline\":\"Berliner Hoffest 2025: Fotografisch im Einsatz f\u00fcr Berlins gr\u00f6\u00dftes Sommerfest\",\"datePublished\":\"2025-07-08T07:01:10+00:00\",\"dateModified\":\"2025-07-08T07:01:13+00:00\",\"mainEntityOfPage\":{\"@id\":\"https:\\\/\\\/www.eventfotografen.berlin\\\/en\\\/2025\\\/07\\\/08\\\/berliner-hoffest-2025-fotografisch-im-einsatz-fuer-berlins-groesstes-sommerfest\\\/\"},\"wordCount\":404,\"publisher\":{\"@id\":\"https:\\\/\\\/www.eventfotografen.berlin\\\/#organization\"},\"image\":{\"@id\":\"https:\\\/\\\/www.eventfotografen.berlin\\\/en\\\/2025\\\/07\\\/08\\\/berliner-hoffest-2025-fotografisch-im-einsatz-fuer-berlins-groesstes-sommerfest\\\/#primaryimage\"},\"thumbnailUrl\":\"https:\\\/\\\/www.eventfotografen.berlin\\\/wp-content\\\/uploads\\\/2025\\\/07\\\/web_BerlinerHoffest_Eventfotograf_Berlin-35.jpg\",\"articleSection\":[\"Eventfotografie\"],\"inLanguage\":\"en-US\"},{\"@type\":\"WebPage\",\"@id\":\"https:\\\/\\\/www.eventfotografen.berlin\\\/en\\\/2025\\\/07\\\/08\\\/berliner-hoffest-2025-fotografisch-im-einsatz-fuer-berlins-groesstes-sommerfest\\\/\",\"url\":\"https:\\\/\\\/www.eventfotografen.berlin\\\/en\\\/2025\\\/07\\\/08\\\/berliner-hoffest-2025-fotografisch-im-einsatz-fuer-berlins-groesstes-sommerfest\\\/\",\"name\":\"Berliner Hoffest 2025: Fotografisch im Einsatz f\u00fcr Berlins gr\u00f6\u00dftes Sommerfest - Eventfotografen Berlin\",\"isPartOf\":{\"@id\":\"https:\\\/\\\/www.eventfotografen.berlin\\\/#website\"},\"primaryImageOfPage\":{\"@id\":\"https:\\\/\\\/www.eventfotografen.berlin\\\/en\\\/2025\\\/07\\\/08\\\/berliner-hoffest-2025-fotografisch-im-einsatz-fuer-berlins-groesstes-sommerfest\\\/#primaryimage\"},\"image\":{\"@id\":\"https:\\\/\\\/www.eventfotografen.berlin\\\/en\\\/2025\\\/07\\\/08\\\/berliner-hoffest-2025-fotografisch-im-einsatz-fuer-berlins-groesstes-sommerfest\\\/#primaryimage\"},\"thumbnailUrl\":\"https:\\\/\\\/www.eventfotografen.berlin\\\/wp-content\\\/uploads\\\/2025\\\/07\\\/web_BerlinerHoffest_Eventfotograf_Berlin-35.jpg\",\"datePublished\":\"2025-07-08T07:01:10+00:00\",\"dateModified\":\"2025-07-08T07:01:13+00:00\",\"breadcrumb\":{\"@id\":\"https:\\\/\\\/www.eventfotografen.berlin\\\/en\\\/2025\\\/07\\\/08\\\/berliner-hoffest-2025-fotografisch-im-einsatz-fuer-berlins-groesstes-sommerfest\\\/#breadcrumb\"},\"inLanguage\":\"en-US\",\"potentialAction\":[{\"@type\":\"ReadAction\",\"target\":[\"https:\\\/\\\/www.eventfotografen.berlin\\\/en\\\/2025\\\/07\\\/08\\\/berliner-hoffest-2025-fotografisch-im-einsatz-fuer-berlins-groesstes-sommerfest\\\/\"]}]},{\"@type\":\"ImageObject\",\"inLanguage\":\"en-US\",\"@id\":\"https:\\\/\\\/www.eventfotografen.berlin\\\/en\\\/2025\\\/07\\\/08\\\/berliner-hoffest-2025-fotografisch-im-einsatz-fuer-berlins-groesstes-sommerfest\\\/#primaryimage\",\"url\":\"https:\\\/\\\/www.eventfotografen.berlin\\\/wp-content\\\/uploads\\\/2025\\\/07\\\/web_BerlinerHoffest_Eventfotograf_Berlin-35.jpg\",\"contentUrl\":\"https:\\\/\\\/www.eventfotografen.berlin\\\/wp-content\\\/uploads\\\/2025\\\/07\\\/web_BerlinerHoffest_Eventfotograf_Berlin-35.jpg\",\"width\":2000,\"height\":1334},{\"@type\":\"BreadcrumbList\",\"@id\":\"https:\\\/\\\/www.eventfotografen.berlin\\\/en\\\/2025\\\/07\\\/08\\\/berliner-hoffest-2025-fotografisch-im-einsatz-fuer-berlins-groesstes-sommerfest\\\/#breadcrumb\",\"itemListElement\":[{\"@type\":\"ListItem\",\"position\":1,\"name\":\"Startseite\",\"item\":\"https:\\\/\\\/www.eventfotografen.berlin\\\/en\\\/\"},{\"@type\":\"ListItem\",\"position\":2,\"name\":\"Berliner Hoffest 2025: Fotografisch im Einsatz f\u00fcr Berlins gr\u00f6\u00dftes Sommerfest\"}]},{\"@type\":\"WebSite\",\"@id\":\"https:\\\/\\\/www.eventfotografen.berlin\\\/#website\",\"url\":\"https:\\\/\\\/www.eventfotografen.berlin\\\/\",\"name\":\"Eventfotografen Berlin\",\"description\":\"Ihre Profis f\u00fcr Eventfotografie, Konferenzfotografie &amp; Messefotografie\",\"publisher\":{\"@id\":\"https:\\\/\\\/www.eventfotografen.berlin\\\/#organization\"},\"potentialAction\":[{\"@type\":\"SearchAction\",\"target\":{\"@type\":\"EntryPoint\",\"urlTemplate\":\"https:\\\/\\\/www.eventfotografen.berlin\\\/?s={search_term_string}\"},\"query-input\":{\"@type\":\"PropertyValueSpecification\",\"valueRequired\":true,\"valueName\":\"search_term_string\"}}],\"inLanguage\":\"en-US\"},{\"@type\":\"Organization\",\"@id\":\"https:\\\/\\\/www.eventfotografen.berlin\\\/#organization\",\"name\":\"Eventfotografen Berlin\",\"url\":\"https:\\\/\\\/www.eventfotografen.berlin\\\/\",\"logo\":{\"@type\":\"ImageObject\",\"inLanguage\":\"en-US\",\"@id\":\"https:\\\/\\\/www.eventfotografen.berlin\\\/#\\\/schema\\\/logo\\\/image\\\/\",\"url\":\"https:\\\/\\\/www.eventfotografen.berlin\\\/wp-content\\\/uploads\\\/2020\\\/01\\\/web_logo_eventfotografen_berlin_schmal.png\",\"contentUrl\":\"https:\\\/\\\/www.eventfotografen.berlin\\\/wp-content\\\/uploads\\\/2020\\\/01\\\/web_logo_eventfotografen_berlin_schmal.png\",\"width\":300,\"height\":44,\"caption\":\"Eventfotografen Berlin\"},\"image\":{\"@id\":\"https:\\\/\\\/www.eventfotografen.berlin\\\/#\\\/schema\\\/logo\\\/image\\\/\"}},{\"@type\":\"Person\",\"@id\":\"https:\\\/\\\/www.eventfotografen.berlin\\\/#\\\/schema\\\/person\\\/66588b44235e32eeb19b048e4aca5273\",\"name\":\"Konstantin\",\"image\":{\"@type\":\"ImageObject\",\"inLanguage\":\"en-US\",\"@id\":\"https:\\\/\\\/secure.gravatar.com\\\/avatar\\\/62b47dd914b71aa0ecc4944f344fc8d649c5d1b5c226697b6555fc9ee4d60187?s=96&d=mm&r=g\",\"url\":\"https:\\\/\\\/secure.gravatar.com\\\/avatar\\\/62b47dd914b71aa0ecc4944f344fc8d649c5d1b5c226697b6555fc9ee4d60187?s=96&d=mm&r=g\",\"contentUrl\":\"https:\\\/\\\/secure.gravatar.com\\\/avatar\\\/62b47dd914b71aa0ecc4944f344fc8d649c5d1b5c226697b6555fc9ee4d60187?s=96&d=mm&r=g\",\"caption\":\"Konstantin\"}}]}<\/script>\n<!-- \/ Yoast SEO plugin. -->","yoast_head_json":{"title":"Berliner Hoffest 2025: Fotografisch im Einsatz f\u00fcr Berlins gr\u00f6\u00dftes Sommerfest - Eventfotografen Berlin","robots":{"index":"index","follow":"follow","max-snippet":"max-snippet:-1","max-image-preview":"max-image-preview:large","max-video-preview":"max-video-preview:-1"},"canonical":"https:\/\/www.eventfotografen.berlin\/en\/2025\/07\/08\/berliner-hoffest-2025-fotografisch-im-einsatz-fuer-berlins-groesstes-sommerfest\/","og_locale":"en_US","og_type":"article","og_title":"Berliner Hoffest 2025: Fotografisch im Einsatz f\u00fcr Berlins gr\u00f6\u00dftes Sommerfest - Eventfotografen Berlin","og_description":"Mehr als 4.000 geladene G\u00e4ste aus Politik, Wirtschaft, Kultur und Zivilgesellschaft: Das Berliner Hoffest 2025 war wieder ein bedeutendes Ereignis im Veranstaltungskalender der Hauptstadt. Auch wir waren als eingespieltes Fotografenteam vor Ort und haben das Fest aus verschiedenen Perspektiven begleitet. W\u00e4hrend einer von uns den offiziellen Rundgang des Regierenden B\u00fcrgermeisters Kai Wegner dokumentierte, waren die [&hellip;]","og_url":"https:\/\/www.eventfotografen.berlin\/en\/2025\/07\/08\/berliner-hoffest-2025-fotografisch-im-einsatz-fuer-berlins-groesstes-sommerfest\/","og_site_name":"Eventfotografen Berlin","article_published_time":"2025-07-08T07:01:10+00:00","article_modified_time":"2025-07-08T07:01:13+00:00","og_image":[{"width":2000,"height":1334,"url":"https:\/\/www.eventfotografen.berlin\/wp-content\/uploads\/2025\/07\/web_BerlinerHoffest_Eventfotograf_Berlin-35.jpg","type":"image\/jpeg"}],"author":"Konstantin","twitter_card":"summary_large_image","twitter_misc":{"Written by":"Konstantin","Est. reading time":"9 minutes"},"schema":{"@context":"https:\/\/schema.org","@graph":[{"@type":"Article","@id":"https:\/\/www.eventfotografen.berlin\/en\/2025\/07\/08\/berliner-hoffest-2025-fotografisch-im-einsatz-fuer-berlins-groesstes-sommerfest\/#article","isPartOf":{"@id":"https:\/\/www.eventfotografen.berlin\/en\/2025\/07\/08\/berliner-hoffest-2025-fotografisch-im-einsatz-fuer-berlins-groesstes-sommerfest\/"},"author":{"name":"Konstantin","@id":"https:\/\/www.eventfotografen.berlin\/#\/schema\/person\/66588b44235e32eeb19b048e4aca5273"},"headline":"Berliner Hoffest 2025: Fotografisch im Einsatz f\u00fcr Berlins gr\u00f6\u00dftes Sommerfest","datePublished":"2025-07-08T07:01:10+00:00","dateModified":"2025-07-08T07:01:13+00:00","mainEntityOfPage":{"@id":"https:\/\/www.eventfotografen.berlin\/en\/2025\/07\/08\/berliner-hoffest-2025-fotografisch-im-einsatz-fuer-berlins-groesstes-sommerfest\/"},"wordCount":404,"publisher":{"@id":"https:\/\/www.eventfotografen.berlin\/#organization"},"image":{"@id":"https:\/\/www.eventfotografen.berlin\/en\/2025\/07\/08\/berliner-hoffest-2025-fotografisch-im-einsatz-fuer-berlins-groesstes-sommerfest\/#primaryimage"},"thumbnailUrl":"https:\/\/www.eventfotografen.berlin\/wp-content\/uploads\/2025\/07\/web_BerlinerHoffest_Eventfotograf_Berlin-35.jpg","articleSection":["Eventfotografie"],"inLanguage":"en-US"},{"@type":"WebPage","@id":"https:\/\/www.eventfotografen.berlin\/en\/2025\/07\/08\/berliner-hoffest-2025-fotografisch-im-einsatz-fuer-berlins-groesstes-sommerfest\/","url":"https:\/\/www.eventfotografen.berlin\/en\/2025\/07\/08\/berliner-hoffest-2025-fotografisch-im-einsatz-fuer-berlins-groesstes-sommerfest\/","name":"Berliner Hoffest 2025: Fotografisch im Einsatz f\u00fcr Berlins gr\u00f6\u00dftes Sommerfest - Eventfotografen Berlin","isPartOf":{"@id":"https:\/\/www.eventfotografen.berlin\/#website"},"primaryImageOfPage":{"@id":"https:\/\/www.eventfotografen.berlin\/en\/2025\/07\/08\/berliner-hoffest-2025-fotografisch-im-einsatz-fuer-berlins-groesstes-sommerfest\/#primaryimage"},"image":{"@id":"https:\/\/www.eventfotografen.berlin\/en\/2025\/07\/08\/berliner-hoffest-2025-fotografisch-im-einsatz-fuer-berlins-groesstes-sommerfest\/#primaryimage"},"thumbnailUrl":"https:\/\/www.eventfotografen.berlin\/wp-content\/uploads\/2025\/07\/web_BerlinerHoffest_Eventfotograf_Berlin-35.jpg","datePublished":"2025-07-08T07:01:10+00:00","dateModified":"2025-07-08T07:01:13+00:00","breadcrumb":{"@id":"https:\/\/www.eventfotografen.berlin\/en\/2025\/07\/08\/berliner-hoffest-2025-fotografisch-im-einsatz-fuer-berlins-groesstes-sommerfest\/#breadcrumb"},"inLanguage":"en-US","potentialAction":[{"@type":"ReadAction","target":["https:\/\/www.eventfotografen.berlin\/en\/2025\/07\/08\/berliner-hoffest-2025-fotografisch-im-einsatz-fuer-berlins-groesstes-sommerfest\/"]}]},{"@type":"ImageObject","inLanguage":"en-US","@id":"https:\/\/www.eventfotografen.berlin\/en\/2025\/07\/08\/berliner-hoffest-2025-fotografisch-im-einsatz-fuer-berlins-groesstes-sommerfest\/#primaryimage","url":"https:\/\/www.eventfotografen.berlin\/wp-content\/uploads\/2025\/07\/web_BerlinerHoffest_Eventfotograf_Berlin-35.jpg","contentUrl":"https:\/\/www.eventfotografen.berlin\/wp-content\/uploads\/2025\/07\/web_BerlinerHoffest_Eventfotograf_Berlin-35.jpg","width":2000,"height":1334},{"@type":"BreadcrumbList","@id":"https:\/\/www.eventfotografen.berlin\/en\/2025\/07\/08\/berliner-hoffest-2025-fotografisch-im-einsatz-fuer-berlins-groesstes-sommerfest\/#breadcrumb","itemListElement":[{"@type":"ListItem","position":1,"name":"Startseite","item":"https:\/\/www.eventfotografen.berlin\/en\/"},{"@type":"ListItem","position":2,"name":"Berliner Hoffest 2025: Fotografisch im Einsatz f\u00fcr Berlins gr\u00f6\u00dftes Sommerfest"}]},{"@type":"WebSite","@id":"https:\/\/www.eventfotografen.berlin\/#website","url":"https:\/\/www.eventfotografen.berlin\/","name":"Eventfotografen Berlin","description":"Ihre Profis f\u00fcr Eventfotografie, Konferenzfotografie &amp; Messefotografie","publisher":{"@id":"https:\/\/www.eventfotografen.berlin\/#organization"},"potentialAction":[{"@type":"SearchAction","target":{"@type":"EntryPoint","urlTemplate":"https:\/\/www.eventfotografen.berlin\/?s={search_term_string}"},"query-input":{"@type":"PropertyValueSpecification","valueRequired":true,"valueName":"search_term_string"}}],"inLanguage":"en-US"},{"@type":"Organization","@id":"https:\/\/www.eventfotografen.berlin\/#organization","name":"Eventfotografen Berlin","url":"https:\/\/www.eventfotografen.berlin\/","logo":{"@type":"ImageObject","inLanguage":"en-US","@id":"https:\/\/www.eventfotografen.berlin\/#\/schema\/logo\/image\/","url":"https:\/\/www.eventfotografen.berlin\/wp-content\/uploads\/2020\/01\/web_logo_eventfotografen_berlin_schmal.png","contentUrl":"https:\/\/www.eventfotografen.berlin\/wp-content\/uploads\/2020\/01\/web_logo_eventfotografen_berlin_schmal.png","width":300,"height":44,"caption":"Eventfotografen Berlin"},"image":{"@id":"https:\/\/www.eventfotografen.berlin\/#\/schema\/logo\/image\/"}},{"@type":"Person","@id":"https:\/\/www.eventfotografen.berlin\/#\/schema\/person\/66588b44235e32eeb19b048e4aca5273","name":"Konstantin","image":{"@type":"ImageObject","inLanguage":"en-US","@id":"https:\/\/secure.gravatar.com\/avatar\/62b47dd914b71aa0ecc4944f344fc8d649c5d1b5c226697b6555fc9ee4d60187?s=96&d=mm&r=g","url":"https:\/\/secure.gravatar.com\/avatar\/62b47dd914b71aa0ecc4944f344fc8d649c5d1b5c226697b6555fc9ee4d60187?s=96&d=mm&r=g","contentUrl":"https:\/\/secure.gravatar.com\/avatar\/62b47dd914b71aa0ecc4944f344fc8d649c5d1b5c226697b6555fc9ee4d60187?s=96&d=mm&r=g","caption":"Konstantin"}}]}},"_links":{"self":[{"href":"https:\/\/www.eventfotografen.berlin\/en\/wp-json\/wp\/v2\/posts\/5043","targetHints":{"allow":["GET"]}}],"collection":[{"href":"https:\/\/www.eventfotografen.berlin\/en\/wp-json\/wp\/v2\/posts"}],"about":[{"href":"https:\/\/www.eventfotografen.berlin\/en\/wp-json\/wp\/v2\/types\/post"}],"author":[{"embeddable":true,"href":"https:\/\/www.eventfotografen.berlin\/en\/wp-json\/wp\/v2\/users\/1"}],"replies":[{"embeddable":true,"href":"https:\/\/www.eventfotografen.berlin\/en\/wp-json\/wp\/v2\/comments?post=5043"}],"version-history":[{"count":5,"href":"https:\/\/www.eventfotografen.berlin\/en\/wp-json\/wp\/v2\/posts\/5043\/revisions"}],"predecessor-version":[{"id":5048,"href":"https:\/\/www.eventfotografen.berlin\/en\/wp-json\/wp\/v2\/posts\/5043\/revisions\/5048"}],"wp:featuredmedia":[{"embeddable":true,"href":"https:\/\/www.eventfotografen.berlin\/en\/wp-json\/wp\/v2\/media\/5037"}],"wp:attachment":[{"href":"https:\/\/www.eventfotografen.berlin\/en\/wp-json\/wp\/v2\/media?parent=5043"}],"wp:term":[{"taxonomy":"category","embeddable":true,"href":"https:\/\/www.eventfotografen.berlin\/en\/wp-json\/wp\/v2\/categories?post=5043"},{"taxonomy":"post_tag","embeddable":true,"href":"https:\/\/www.eventfotografen.berlin\/en\/wp-json\/wp\/v2\/tags?post=5043"},{"taxonomy":"dipi_cpt_category","embeddable":true,"href":"https:\/\/www.eventfotografen.berlin\/en\/wp-json\/wp\/v2\/dipi_cpt_category?post=5043"}],"curies":[{"name":"wp","href":"https:\/\/api.w.org\/{rel}","templated":true}]}}