{"id":4953,"date":"2025-06-02T14:11:38","date_gmt":"2025-06-02T12:11:38","guid":{"rendered":"https:\/\/www.eventfotografen.berlin\/?p=4953"},"modified":"2025-06-02T14:28:47","modified_gmt":"2025-06-02T12:28:47","slug":"wasserkongress-2025-fachlicher-austausch-und-wasser-erlebnisse-in-berlin","status":"publish","type":"post","link":"https:\/\/www.eventfotografen.berlin\/en\/2025\/06\/02\/wasserkongress-2025-fachlicher-austausch-und-wasser-erlebnisse-in-berlin\/","title":{"rendered":"Wasserkongress 2025: Fachlicher Austausch und Wasser-Erlebnisse in Berlin"},"content":{"rendered":"<p>[et_pb_section fb_built=&#8221;1&#8243; _builder_version=&#8221;4.16&#8243; custom_padding=&#8221;0px|||||&#8221; global_colors_info=&#8221;{}&#8221; theme_builder_area=&#8221;post_content&#8221;][et_pb_row _builder_version=&#8221;4.16&#8243; global_colors_info=&#8221;{}&#8221; theme_builder_area=&#8221;post_content&#8221;][et_pb_column type=&#8221;4_4&#8243; _builder_version=&#8221;4.16&#8243; global_colors_info=&#8221;{}&#8221; theme_builder_area=&#8221;post_content&#8221;][et_pb_text _builder_version=&#8221;4.27.4&#8243; custom_padding=&#8221;||0px|||&#8221; hover_enabled=&#8221;0&#8243; global_colors_info=&#8221;{}&#8221; theme_builder_area=&#8221;post_content&#8221; sticky_enabled=&#8221;0&#8243;]<\/p>\n<p data-start=\"314\" data-end=\"532\">Im Auftrag der <a href=\"https:\/\/www.ihk.de\/berlin\/\" target=\"_blank\" rel=\"noopener\">Berliner IHK<\/a> durfte ich als Eventfotograf den diesj\u00e4hrigen l\u00e4nder\u00fcbergreifenden Wasserkongress begleiten. Zwei intensive Tage rund um das Thema Wasser, Nachhaltigkeit und Infrastruktur liegen hinter uns.<\/p>\n<p data-start=\"534\" data-end=\"740\">Der Auftakt begann mit einer spannenden Exkursion in die Rummelsburger Bucht \u2013 ein Praxisbeispiel zur Umsetzung des Schwammstadt-Konzepts in Berlin. Am Abend folgte ein lockerer Netzwerkabend auf der Spree.<\/p>\n<p data-start=\"742\" data-end=\"984\">Der zweite Tag fand im Ludwig-Erhard-Haus statt \u2013 mit Vortr\u00e4gen, Panels, Diskussionen und einer inspirierenden Ausstellung rund um Innovationen und nachhaltige L\u00f6sungen. Ein gelungener Kongress, der auch fotografisch viele starke Momente bot.<\/p>\n<p data-start=\"986\" data-end=\"1029\">Hier zeige ich einige Eindr\u00fccke in Bildern:<\/p>\n<p>[\/et_pb_text][\/et_pb_column][\/et_pb_row][et_pb_row _builder_version=&#8221;4.16&#8243; custom_margin=&#8221;-394px|auto||auto||&#8221; global_colors_info=&#8221;{}&#8221; theme_builder_area=&#8221;post_content&#8221;][et_pb_column type=&#8221;4_4&#8243; _builder_version=&#8221;4.16&#8243; global_colors_info=&#8221;{}&#8221; theme_builder_area=&#8221;post_content&#8221;][et_pb_toggle title=&#8221;Fakten zum Event hier im Detail&#8221; _builder_version=&#8221;4.27.4&#8243; min_height=&#8221;30px&#8221; custom_margin=&#8221;14px|||||&#8221; custom_padding=&#8221;12px||13px|||&#8221; hover_enabled=&#8221;0&#8243; global_colors_info=&#8221;{}&#8221; theme_builder_area=&#8221;post_content&#8221; sticky_enabled=&#8221;0&#8243;]<\/p>\n<p><span>Bereich:\u00a0 Eventfotografie \/ Kongressfotografie<br \/><\/span><span>Begleitungsl\u00e4nge: 2 Tage \/ 1 Fotograf<br \/>Format: Kongress<br \/>Ort: Berlin \/ Ludwig-Erhard-Haus<br \/>G\u00e4ste: 300<\/span><\/p>\n<p>[\/et_pb_toggle][et_pb_text _builder_version=&#8221;4.27.0&#8243; _module_preset=&#8221;default&#8221; custom_margin=&#8221;28px|||||&#8221; global_colors_info=&#8221;{}&#8221; theme_builder_area=&#8221;post_content&#8221;]<\/p>\n<p>Fotogalerie:<\/p>\n<p>[\/et_pb_text][dipi_masonry_gallery gallery_ids=&#8221;4883,4885,4887,4889,4891,4893,4895,4897,4899,4901,4903,4905,4907,4909,4911,4913,4915,4917,4919,4921,4923,4925,4927,4929,4931,4933,4935,4937,4939,4941,4943,4945,4947,4949,4951&#8243; columns=&#8221;2&#8243; _builder_version=&#8221;4.27.4&#8243; _module_preset=&#8221;default&#8221; hover_enabled=&#8221;0&#8243; global_colors_info=&#8221;{}&#8221; theme_builder_area=&#8221;post_content&#8221; sticky_enabled=&#8221;0&#8243;][\/dipi_masonry_gallery][\/et_pb_column][\/et_pb_row][et_pb_row _builder_version=&#8221;4.19.5&#8243; _module_preset=&#8221;default&#8221; global_colors_info=&#8221;{}&#8221; theme_builder_area=&#8221;post_content&#8221;][et_pb_column type=&#8221;4_4&#8243; _builder_version=&#8221;4.19.5&#8243; _module_preset=&#8221;default&#8221; global_colors_info=&#8221;{}&#8221; theme_builder_area=&#8221;post_content&#8221;][et_pb_post_nav _builder_version=&#8221;4.16&#8243; min_height=&#8221;6px&#8221; custom_margin=&#8221;-23px|||||&#8221; custom_padding=&#8221;0px|||||&#8221; global_colors_info=&#8221;{}&#8221; theme_builder_area=&#8221;post_content&#8221;][\/et_pb_post_nav][\/et_pb_column][\/et_pb_row][\/et_pb_section]<\/p>\n","protected":false},"excerpt":{"rendered":"<p>Im Auftrag der Berliner IHK durfte ich als Eventfotograf den diesj\u00e4hrigen l\u00e4nder\u00fcbergreifenden Wasserkongress begleiten. Zwei intensive Tage rund um das Thema Wasser, Nachhaltigkeit und Infrastruktur liegen hinter uns. Der Auftakt begann mit einer spannenden Exkursion in die Rummelsburger Bucht \u2013 ein Praxisbeispiel zur Umsetzung des Schwammstadt-Konzepts in Berlin. Am Abend folgte ein lockerer Netzwerkabend auf [&hellip;]<\/p>\n","protected":false},"author":1,"featured_media":4931,"comment_status":"closed","ping_status":"open","sticky":false,"template":"","format":"image","meta":{"_et_pb_use_builder":"on","_et_pb_old_content":"","_et_gb_content_width":"1080","footnotes":""},"categories":[3,4],"tags":[],"dipi_cpt_category":[],"class_list":["post-4953","post","type-post","status-publish","format-image","has-post-thumbnail","hentry","category-eventfotografie","category-konferenzfotografie","post_format-post-format-image"],"yoast_head":"<!-- This site is optimized with the Yoast SEO plugin v27.5 - https:\/\/yoast.com\/product\/yoast-seo-wordpress\/ -->\n<title>Wasserkongress 2025: Fachlicher Austausch und Wasser-Erlebnisse in Berlin - Eventfotografen Berlin<\/title>\n<meta name=\"robots\" content=\"index, follow, max-snippet:-1, max-image-preview:large, max-video-preview:-1\" \/>\n<link rel=\"canonical\" href=\"https:\/\/www.eventfotografen.berlin\/en\/2025\/06\/02\/wasserkongress-2025-fachlicher-austausch-und-wasser-erlebnisse-in-berlin\/\" \/>\n<meta property=\"og:locale\" content=\"en_US\" \/>\n<meta property=\"og:type\" content=\"article\" \/>\n<meta property=\"og:title\" content=\"Wasserkongress 2025: Fachlicher Austausch und Wasser-Erlebnisse in Berlin - Eventfotografen Berlin\" \/>\n<meta property=\"og:description\" content=\"Im Auftrag der Berliner IHK durfte ich als Eventfotograf den diesj\u00e4hrigen l\u00e4nder\u00fcbergreifenden Wasserkongress begleiten. Zwei intensive Tage rund um das Thema Wasser, Nachhaltigkeit und Infrastruktur liegen hinter uns. Der Auftakt begann mit einer spannenden Exkursion in die Rummelsburger Bucht \u2013 ein Praxisbeispiel zur Umsetzung des Schwammstadt-Konzepts in Berlin. Am Abend folgte ein lockerer Netzwerkabend auf [&hellip;]\" \/>\n<meta property=\"og:url\" content=\"https:\/\/www.eventfotografen.berlin\/en\/2025\/06\/02\/wasserkongress-2025-fachlicher-austausch-und-wasser-erlebnisse-in-berlin\/\" \/>\n<meta property=\"og:site_name\" content=\"Eventfotografen Berlin\" \/>\n<meta property=\"article:published_time\" content=\"2025-06-02T12:11:38+00:00\" \/>\n<meta property=\"article:modified_time\" content=\"2025-06-02T12:28:47+00:00\" \/>\n<meta property=\"og:image\" content=\"https:\/\/www.eventfotografen.berlin\/wp-content\/uploads\/2025\/06\/Eventfotografen_Berlin_IHK_Wasserkongress_2025-25.jpg\" \/>\n\t<meta property=\"og:image:width\" content=\"2000\" \/>\n\t<meta property=\"og:image:height\" content=\"1333\" \/>\n\t<meta property=\"og:image:type\" content=\"image\/jpeg\" \/>\n<meta name=\"author\" content=\"Konstantin\" \/>\n<meta name=\"twitter:card\" content=\"summary_large_image\" \/>\n<meta name=\"twitter:label1\" content=\"Written by\" \/>\n\t<meta name=\"twitter:data1\" content=\"Konstantin\" \/>\n\t<meta name=\"twitter:label2\" content=\"Est. reading time\" \/>\n\t<meta name=\"twitter:data2\" content=\"8 minutes\" \/>\n<script type=\"application\/ld+json\" class=\"yoast-schema-graph\">{\"@context\":\"https:\\\/\\\/schema.org\",\"@graph\":[{\"@type\":\"Article\",\"@id\":\"https:\\\/\\\/www.eventfotografen.berlin\\\/en\\\/2025\\\/06\\\/02\\\/wasserkongress-2025-fachlicher-austausch-und-wasser-erlebnisse-in-berlin\\\/#article\",\"isPartOf\":{\"@id\":\"https:\\\/\\\/www.eventfotografen.berlin\\\/en\\\/2025\\\/06\\\/02\\\/wasserkongress-2025-fachlicher-austausch-und-wasser-erlebnisse-in-berlin\\\/\"},\"author\":{\"name\":\"Konstantin\",\"@id\":\"https:\\\/\\\/www.eventfotografen.berlin\\\/#\\\/schema\\\/person\\\/66588b44235e32eeb19b048e4aca5273\"},\"headline\":\"Wasserkongress 2025: Fachlicher Austausch und Wasser-Erlebnisse in Berlin\",\"datePublished\":\"2025-06-02T12:11:38+00:00\",\"dateModified\":\"2025-06-02T12:28:47+00:00\",\"mainEntityOfPage\":{\"@id\":\"https:\\\/\\\/www.eventfotografen.berlin\\\/en\\\/2025\\\/06\\\/02\\\/wasserkongress-2025-fachlicher-austausch-und-wasser-erlebnisse-in-berlin\\\/\"},\"wordCount\":387,\"publisher\":{\"@id\":\"https:\\\/\\\/www.eventfotografen.berlin\\\/#organization\"},\"image\":{\"@id\":\"https:\\\/\\\/www.eventfotografen.berlin\\\/en\\\/2025\\\/06\\\/02\\\/wasserkongress-2025-fachlicher-austausch-und-wasser-erlebnisse-in-berlin\\\/#primaryimage\"},\"thumbnailUrl\":\"https:\\\/\\\/www.eventfotografen.berlin\\\/wp-content\\\/uploads\\\/2025\\\/06\\\/Eventfotografen_Berlin_IHK_Wasserkongress_2025-25.jpg\",\"articleSection\":[\"Eventfotografie\",\"Konferenzfotografie\"],\"inLanguage\":\"en-US\"},{\"@type\":\"WebPage\",\"@id\":\"https:\\\/\\\/www.eventfotografen.berlin\\\/en\\\/2025\\\/06\\\/02\\\/wasserkongress-2025-fachlicher-austausch-und-wasser-erlebnisse-in-berlin\\\/\",\"url\":\"https:\\\/\\\/www.eventfotografen.berlin\\\/en\\\/2025\\\/06\\\/02\\\/wasserkongress-2025-fachlicher-austausch-und-wasser-erlebnisse-in-berlin\\\/\",\"name\":\"Wasserkongress 2025: Fachlicher Austausch und Wasser-Erlebnisse in Berlin - Eventfotografen Berlin\",\"isPartOf\":{\"@id\":\"https:\\\/\\\/www.eventfotografen.berlin\\\/#website\"},\"primaryImageOfPage\":{\"@id\":\"https:\\\/\\\/www.eventfotografen.berlin\\\/en\\\/2025\\\/06\\\/02\\\/wasserkongress-2025-fachlicher-austausch-und-wasser-erlebnisse-in-berlin\\\/#primaryimage\"},\"image\":{\"@id\":\"https:\\\/\\\/www.eventfotografen.berlin\\\/en\\\/2025\\\/06\\\/02\\\/wasserkongress-2025-fachlicher-austausch-und-wasser-erlebnisse-in-berlin\\\/#primaryimage\"},\"thumbnailUrl\":\"https:\\\/\\\/www.eventfotografen.berlin\\\/wp-content\\\/uploads\\\/2025\\\/06\\\/Eventfotografen_Berlin_IHK_Wasserkongress_2025-25.jpg\",\"datePublished\":\"2025-06-02T12:11:38+00:00\",\"dateModified\":\"2025-06-02T12:28:47+00:00\",\"breadcrumb\":{\"@id\":\"https:\\\/\\\/www.eventfotografen.berlin\\\/en\\\/2025\\\/06\\\/02\\\/wasserkongress-2025-fachlicher-austausch-und-wasser-erlebnisse-in-berlin\\\/#breadcrumb\"},\"inLanguage\":\"en-US\",\"potentialAction\":[{\"@type\":\"ReadAction\",\"target\":[\"https:\\\/\\\/www.eventfotografen.berlin\\\/en\\\/2025\\\/06\\\/02\\\/wasserkongress-2025-fachlicher-austausch-und-wasser-erlebnisse-in-berlin\\\/\"]}]},{\"@type\":\"ImageObject\",\"inLanguage\":\"en-US\",\"@id\":\"https:\\\/\\\/www.eventfotografen.berlin\\\/en\\\/2025\\\/06\\\/02\\\/wasserkongress-2025-fachlicher-austausch-und-wasser-erlebnisse-in-berlin\\\/#primaryimage\",\"url\":\"https:\\\/\\\/www.eventfotografen.berlin\\\/wp-content\\\/uploads\\\/2025\\\/06\\\/Eventfotografen_Berlin_IHK_Wasserkongress_2025-25.jpg\",\"contentUrl\":\"https:\\\/\\\/www.eventfotografen.berlin\\\/wp-content\\\/uploads\\\/2025\\\/06\\\/Eventfotografen_Berlin_IHK_Wasserkongress_2025-25.jpg\",\"width\":2000,\"height\":1333},{\"@type\":\"BreadcrumbList\",\"@id\":\"https:\\\/\\\/www.eventfotografen.berlin\\\/en\\\/2025\\\/06\\\/02\\\/wasserkongress-2025-fachlicher-austausch-und-wasser-erlebnisse-in-berlin\\\/#breadcrumb\",\"itemListElement\":[{\"@type\":\"ListItem\",\"position\":1,\"name\":\"Startseite\",\"item\":\"https:\\\/\\\/www.eventfotografen.berlin\\\/en\\\/\"},{\"@type\":\"ListItem\",\"position\":2,\"name\":\"Wasserkongress 2025: Fachlicher Austausch und Wasser-Erlebnisse in Berlin\"}]},{\"@type\":\"WebSite\",\"@id\":\"https:\\\/\\\/www.eventfotografen.berlin\\\/#website\",\"url\":\"https:\\\/\\\/www.eventfotografen.berlin\\\/\",\"name\":\"Eventfotografen Berlin\",\"description\":\"Ihre Profis f\u00fcr Eventfotografie, Konferenzfotografie &amp; Messefotografie\",\"publisher\":{\"@id\":\"https:\\\/\\\/www.eventfotografen.berlin\\\/#organization\"},\"potentialAction\":[{\"@type\":\"SearchAction\",\"target\":{\"@type\":\"EntryPoint\",\"urlTemplate\":\"https:\\\/\\\/www.eventfotografen.berlin\\\/?s={search_term_string}\"},\"query-input\":{\"@type\":\"PropertyValueSpecification\",\"valueRequired\":true,\"valueName\":\"search_term_string\"}}],\"inLanguage\":\"en-US\"},{\"@type\":\"Organization\",\"@id\":\"https:\\\/\\\/www.eventfotografen.berlin\\\/#organization\",\"name\":\"Eventfotografen Berlin\",\"url\":\"https:\\\/\\\/www.eventfotografen.berlin\\\/\",\"logo\":{\"@type\":\"ImageObject\",\"inLanguage\":\"en-US\",\"@id\":\"https:\\\/\\\/www.eventfotografen.berlin\\\/#\\\/schema\\\/logo\\\/image\\\/\",\"url\":\"https:\\\/\\\/www.eventfotografen.berlin\\\/wp-content\\\/uploads\\\/2020\\\/01\\\/web_logo_eventfotografen_berlin_schmal.png\",\"contentUrl\":\"https:\\\/\\\/www.eventfotografen.berlin\\\/wp-content\\\/uploads\\\/2020\\\/01\\\/web_logo_eventfotografen_berlin_schmal.png\",\"width\":300,\"height\":44,\"caption\":\"Eventfotografen Berlin\"},\"image\":{\"@id\":\"https:\\\/\\\/www.eventfotografen.berlin\\\/#\\\/schema\\\/logo\\\/image\\\/\"}},{\"@type\":\"Person\",\"@id\":\"https:\\\/\\\/www.eventfotografen.berlin\\\/#\\\/schema\\\/person\\\/66588b44235e32eeb19b048e4aca5273\",\"name\":\"Konstantin\",\"image\":{\"@type\":\"ImageObject\",\"inLanguage\":\"en-US\",\"@id\":\"https:\\\/\\\/secure.gravatar.com\\\/avatar\\\/62b47dd914b71aa0ecc4944f344fc8d649c5d1b5c226697b6555fc9ee4d60187?s=96&d=mm&r=g\",\"url\":\"https:\\\/\\\/secure.gravatar.com\\\/avatar\\\/62b47dd914b71aa0ecc4944f344fc8d649c5d1b5c226697b6555fc9ee4d60187?s=96&d=mm&r=g\",\"contentUrl\":\"https:\\\/\\\/secure.gravatar.com\\\/avatar\\\/62b47dd914b71aa0ecc4944f344fc8d649c5d1b5c226697b6555fc9ee4d60187?s=96&d=mm&r=g\",\"caption\":\"Konstantin\"}}]}<\/script>\n<!-- \/ Yoast SEO plugin. -->","yoast_head_json":{"title":"Wasserkongress 2025: Fachlicher Austausch und Wasser-Erlebnisse in Berlin - Eventfotografen Berlin","robots":{"index":"index","follow":"follow","max-snippet":"max-snippet:-1","max-image-preview":"max-image-preview:large","max-video-preview":"max-video-preview:-1"},"canonical":"https:\/\/www.eventfotografen.berlin\/en\/2025\/06\/02\/wasserkongress-2025-fachlicher-austausch-und-wasser-erlebnisse-in-berlin\/","og_locale":"en_US","og_type":"article","og_title":"Wasserkongress 2025: Fachlicher Austausch und Wasser-Erlebnisse in Berlin - Eventfotografen Berlin","og_description":"Im Auftrag der Berliner IHK durfte ich als Eventfotograf den diesj\u00e4hrigen l\u00e4nder\u00fcbergreifenden Wasserkongress begleiten. Zwei intensive Tage rund um das Thema Wasser, Nachhaltigkeit und Infrastruktur liegen hinter uns. Der Auftakt begann mit einer spannenden Exkursion in die Rummelsburger Bucht \u2013 ein Praxisbeispiel zur Umsetzung des Schwammstadt-Konzepts in Berlin. Am Abend folgte ein lockerer Netzwerkabend auf [&hellip;]","og_url":"https:\/\/www.eventfotografen.berlin\/en\/2025\/06\/02\/wasserkongress-2025-fachlicher-austausch-und-wasser-erlebnisse-in-berlin\/","og_site_name":"Eventfotografen Berlin","article_published_time":"2025-06-02T12:11:38+00:00","article_modified_time":"2025-06-02T12:28:47+00:00","og_image":[{"width":2000,"height":1333,"url":"https:\/\/www.eventfotografen.berlin\/wp-content\/uploads\/2025\/06\/Eventfotografen_Berlin_IHK_Wasserkongress_2025-25.jpg","type":"image\/jpeg"}],"author":"Konstantin","twitter_card":"summary_large_image","twitter_misc":{"Written by":"Konstantin","Est. reading time":"8 minutes"},"schema":{"@context":"https:\/\/schema.org","@graph":[{"@type":"Article","@id":"https:\/\/www.eventfotografen.berlin\/en\/2025\/06\/02\/wasserkongress-2025-fachlicher-austausch-und-wasser-erlebnisse-in-berlin\/#article","isPartOf":{"@id":"https:\/\/www.eventfotografen.berlin\/en\/2025\/06\/02\/wasserkongress-2025-fachlicher-austausch-und-wasser-erlebnisse-in-berlin\/"},"author":{"name":"Konstantin","@id":"https:\/\/www.eventfotografen.berlin\/#\/schema\/person\/66588b44235e32eeb19b048e4aca5273"},"headline":"Wasserkongress 2025: Fachlicher Austausch und Wasser-Erlebnisse in Berlin","datePublished":"2025-06-02T12:11:38+00:00","dateModified":"2025-06-02T12:28:47+00:00","mainEntityOfPage":{"@id":"https:\/\/www.eventfotografen.berlin\/en\/2025\/06\/02\/wasserkongress-2025-fachlicher-austausch-und-wasser-erlebnisse-in-berlin\/"},"wordCount":387,"publisher":{"@id":"https:\/\/www.eventfotografen.berlin\/#organization"},"image":{"@id":"https:\/\/www.eventfotografen.berlin\/en\/2025\/06\/02\/wasserkongress-2025-fachlicher-austausch-und-wasser-erlebnisse-in-berlin\/#primaryimage"},"thumbnailUrl":"https:\/\/www.eventfotografen.berlin\/wp-content\/uploads\/2025\/06\/Eventfotografen_Berlin_IHK_Wasserkongress_2025-25.jpg","articleSection":["Eventfotografie","Konferenzfotografie"],"inLanguage":"en-US"},{"@type":"WebPage","@id":"https:\/\/www.eventfotografen.berlin\/en\/2025\/06\/02\/wasserkongress-2025-fachlicher-austausch-und-wasser-erlebnisse-in-berlin\/","url":"https:\/\/www.eventfotografen.berlin\/en\/2025\/06\/02\/wasserkongress-2025-fachlicher-austausch-und-wasser-erlebnisse-in-berlin\/","name":"Wasserkongress 2025: Fachlicher Austausch und Wasser-Erlebnisse in Berlin - Eventfotografen Berlin","isPartOf":{"@id":"https:\/\/www.eventfotografen.berlin\/#website"},"primaryImageOfPage":{"@id":"https:\/\/www.eventfotografen.berlin\/en\/2025\/06\/02\/wasserkongress-2025-fachlicher-austausch-und-wasser-erlebnisse-in-berlin\/#primaryimage"},"image":{"@id":"https:\/\/www.eventfotografen.berlin\/en\/2025\/06\/02\/wasserkongress-2025-fachlicher-austausch-und-wasser-erlebnisse-in-berlin\/#primaryimage"},"thumbnailUrl":"https:\/\/www.eventfotografen.berlin\/wp-content\/uploads\/2025\/06\/Eventfotografen_Berlin_IHK_Wasserkongress_2025-25.jpg","datePublished":"2025-06-02T12:11:38+00:00","dateModified":"2025-06-02T12:28:47+00:00","breadcrumb":{"@id":"https:\/\/www.eventfotografen.berlin\/en\/2025\/06\/02\/wasserkongress-2025-fachlicher-austausch-und-wasser-erlebnisse-in-berlin\/#breadcrumb"},"inLanguage":"en-US","potentialAction":[{"@type":"ReadAction","target":["https:\/\/www.eventfotografen.berlin\/en\/2025\/06\/02\/wasserkongress-2025-fachlicher-austausch-und-wasser-erlebnisse-in-berlin\/"]}]},{"@type":"ImageObject","inLanguage":"en-US","@id":"https:\/\/www.eventfotografen.berlin\/en\/2025\/06\/02\/wasserkongress-2025-fachlicher-austausch-und-wasser-erlebnisse-in-berlin\/#primaryimage","url":"https:\/\/www.eventfotografen.berlin\/wp-content\/uploads\/2025\/06\/Eventfotografen_Berlin_IHK_Wasserkongress_2025-25.jpg","contentUrl":"https:\/\/www.eventfotografen.berlin\/wp-content\/uploads\/2025\/06\/Eventfotografen_Berlin_IHK_Wasserkongress_2025-25.jpg","width":2000,"height":1333},{"@type":"BreadcrumbList","@id":"https:\/\/www.eventfotografen.berlin\/en\/2025\/06\/02\/wasserkongress-2025-fachlicher-austausch-und-wasser-erlebnisse-in-berlin\/#breadcrumb","itemListElement":[{"@type":"ListItem","position":1,"name":"Startseite","item":"https:\/\/www.eventfotografen.berlin\/en\/"},{"@type":"ListItem","position":2,"name":"Wasserkongress 2025: Fachlicher Austausch und Wasser-Erlebnisse in Berlin"}]},{"@type":"WebSite","@id":"https:\/\/www.eventfotografen.berlin\/#website","url":"https:\/\/www.eventfotografen.berlin\/","name":"Eventfotografen Berlin","description":"Ihre Profis f\u00fcr Eventfotografie, Konferenzfotografie &amp; Messefotografie","publisher":{"@id":"https:\/\/www.eventfotografen.berlin\/#organization"},"potentialAction":[{"@type":"SearchAction","target":{"@type":"EntryPoint","urlTemplate":"https:\/\/www.eventfotografen.berlin\/?s={search_term_string}"},"query-input":{"@type":"PropertyValueSpecification","valueRequired":true,"valueName":"search_term_string"}}],"inLanguage":"en-US"},{"@type":"Organization","@id":"https:\/\/www.eventfotografen.berlin\/#organization","name":"Eventfotografen Berlin","url":"https:\/\/www.eventfotografen.berlin\/","logo":{"@type":"ImageObject","inLanguage":"en-US","@id":"https:\/\/www.eventfotografen.berlin\/#\/schema\/logo\/image\/","url":"https:\/\/www.eventfotografen.berlin\/wp-content\/uploads\/2020\/01\/web_logo_eventfotografen_berlin_schmal.png","contentUrl":"https:\/\/www.eventfotografen.berlin\/wp-content\/uploads\/2020\/01\/web_logo_eventfotografen_berlin_schmal.png","width":300,"height":44,"caption":"Eventfotografen Berlin"},"image":{"@id":"https:\/\/www.eventfotografen.berlin\/#\/schema\/logo\/image\/"}},{"@type":"Person","@id":"https:\/\/www.eventfotografen.berlin\/#\/schema\/person\/66588b44235e32eeb19b048e4aca5273","name":"Konstantin","image":{"@type":"ImageObject","inLanguage":"en-US","@id":"https:\/\/secure.gravatar.com\/avatar\/62b47dd914b71aa0ecc4944f344fc8d649c5d1b5c226697b6555fc9ee4d60187?s=96&d=mm&r=g","url":"https:\/\/secure.gravatar.com\/avatar\/62b47dd914b71aa0ecc4944f344fc8d649c5d1b5c226697b6555fc9ee4d60187?s=96&d=mm&r=g","contentUrl":"https:\/\/secure.gravatar.com\/avatar\/62b47dd914b71aa0ecc4944f344fc8d649c5d1b5c226697b6555fc9ee4d60187?s=96&d=mm&r=g","caption":"Konstantin"}}]}},"_links":{"self":[{"href":"https:\/\/www.eventfotografen.berlin\/en\/wp-json\/wp\/v2\/posts\/4953","targetHints":{"allow":["GET"]}}],"collection":[{"href":"https:\/\/www.eventfotografen.berlin\/en\/wp-json\/wp\/v2\/posts"}],"about":[{"href":"https:\/\/www.eventfotografen.berlin\/en\/wp-json\/wp\/v2\/types\/post"}],"author":[{"embeddable":true,"href":"https:\/\/www.eventfotografen.berlin\/en\/wp-json\/wp\/v2\/users\/1"}],"replies":[{"embeddable":true,"href":"https:\/\/www.eventfotografen.berlin\/en\/wp-json\/wp\/v2\/comments?post=4953"}],"version-history":[{"count":9,"href":"https:\/\/www.eventfotografen.berlin\/en\/wp-json\/wp\/v2\/posts\/4953\/revisions"}],"predecessor-version":[{"id":4963,"href":"https:\/\/www.eventfotografen.berlin\/en\/wp-json\/wp\/v2\/posts\/4953\/revisions\/4963"}],"wp:featuredmedia":[{"embeddable":true,"href":"https:\/\/www.eventfotografen.berlin\/en\/wp-json\/wp\/v2\/media\/4931"}],"wp:attachment":[{"href":"https:\/\/www.eventfotografen.berlin\/en\/wp-json\/wp\/v2\/media?parent=4953"}],"wp:term":[{"taxonomy":"category","embeddable":true,"href":"https:\/\/www.eventfotografen.berlin\/en\/wp-json\/wp\/v2\/categories?post=4953"},{"taxonomy":"post_tag","embeddable":true,"href":"https:\/\/www.eventfotografen.berlin\/en\/wp-json\/wp\/v2\/tags?post=4953"},{"taxonomy":"dipi_cpt_category","embeddable":true,"href":"https:\/\/www.eventfotografen.berlin\/en\/wp-json\/wp\/v2\/dipi_cpt_category?post=4953"}],"curies":[{"name":"wp","href":"https:\/\/api.w.org\/{rel}","templated":true}]}}