{"id":4847,"date":"2024-08-18T10:58:14","date_gmt":"2024-08-18T08:58:14","guid":{"rendered":"https:\/\/www.eventfotografen.berlin\/?p=4847"},"modified":"2024-08-18T11:43:36","modified_gmt":"2024-08-18T09:43:36","slug":"firmenfeier-zum-standortjubilaeum","status":"publish","type":"post","link":"https:\/\/www.eventfotografen.berlin\/en\/2024\/08\/18\/firmenfeier-zum-standortjubilaeum\/","title":{"rendered":"Firmenfeier zum Standortjubil\u00e4um"},"content":{"rendered":"<p>[et_pb_section fb_built=&#8221;1&#8243; _builder_version=&#8221;4.16&#8243; custom_padding=&#8221;0px|||||&#8221; global_colors_info=&#8221;{}&#8221;][et_pb_row _builder_version=&#8221;4.16&#8243; global_colors_info=&#8221;{}&#8221;][et_pb_column type=&#8221;4_4&#8243; _builder_version=&#8221;4.16&#8243; global_colors_info=&#8221;{}&#8221;][et_pb_text _builder_version=&#8221;4.27.0&#8243; custom_padding=&#8221;||0px|||&#8221; hover_enabled=&#8221;0&#8243; global_colors_info=&#8221;{}&#8221; sticky_enabled=&#8221;0&#8243;]<\/p>\n<p><span>Immer \u00f6fter wird neben der fotografischen auch die videografische Begleitung von Events bei uns angefragt. Ob bei Konferenzen, Messen oder anderen Events, als Eventfotografen Berlin kommen wir diesem Wunsch gerne nach.<\/span><\/p>\n<p><span>Im Juli 2024 hatte die Kanzlei<\/span>\u00a0<a href=\"https:\/\/www.fgs.de\/\" target=\"_blank\" rel=\"noopener\">Flick Gocke Schaumburg<\/a> <span>ihr 30-j\u00e4hriges Standortjubil\u00e4um in Berlin gefeiert. 500 geladene G\u00e4ste kamen in das<\/span> <a href=\"https:\/\/baret.berlin\/\" target=\"_blank\" rel=\"noopener\">Restaurant Baret<\/a> <span>des Humboldt Forums Berlin, um bei einer fantastischen Aussicht diesen Sommerabend zu begehen.<\/span><\/p>\n<p><span>Unsere Aufgabe war es, die Feier und die tolle Atmosph\u00e4re sowohl in Fotos als auch auf Video festzuhalten. Entstanden ist eine vollumf\u00e4ngliche Dokumentation, welche diesen besonderen Abend Revue passieren l\u00e4sst.<\/span><\/p>\n<p>[\/et_pb_text][\/et_pb_column][\/et_pb_row][et_pb_row _builder_version=&#8221;4.16&#8243; custom_margin=&#8221;-394px|auto||auto||&#8221; global_colors_info=&#8221;{}&#8221;][et_pb_column type=&#8221;4_4&#8243; _builder_version=&#8221;4.16&#8243; global_colors_info=&#8221;{}&#8221;][et_pb_toggle title=&#8221;Fakten zum Event hier im Detail&#8221; _builder_version=&#8221;4.27.0&#8243; min_height=&#8221;30px&#8221; custom_margin=&#8221;14px|||||&#8221; custom_padding=&#8221;12px||13px|||&#8221; global_colors_info=&#8221;{}&#8221;]<\/p>\n<p><span>Bereich:\u00a0 Eventfotografie &amp; Videografie<br \/><\/span><span>Begleitungsl\u00e4nge: 4h \/ 1 Fotograf, 1 Videograf<br \/>Format: Firmenfeier<br \/>Ort: Humboldt Forum Berlin<br \/>G\u00e4ste: 500<\/span><\/p>\n<p>[\/et_pb_toggle][et_pb_text _builder_version=&#8221;4.27.0&#8243; _module_preset=&#8221;default&#8221; global_colors_info=&#8221;{}&#8221;]<\/p>\n<p>Highlightvideo:<\/p>\n<p>[\/et_pb_text][et_pb_video src=&#8221;https:\/\/vimeo.com\/983091041\/193a8d0364&#8243; _builder_version=&#8221;4.27.0&#8243; _module_preset=&#8221;default&#8221; global_colors_info=&#8221;{}&#8221;][\/et_pb_video][et_pb_text _builder_version=&#8221;4.27.0&#8243; _module_preset=&#8221;default&#8221; custom_margin=&#8221;28px|||||&#8221; global_colors_info=&#8221;{}&#8221;]<\/p>\n<p>Fotogalerie:<\/p>\n<p>[\/et_pb_text][dipi_masonry_gallery gallery_ids=&#8221;4763,4765,4767,4769,4771,4773,4775,4777,4779,4781,4783,4785,4787,4789,4791,4793,4795,4797,4799,4801,4803,4805,4807,4809,4811,4813,4815,4817,4819,4821,4823,4825,4827,4829,4831,4833,4835,4761,4837,4839,4841,4843,4845&#8243; columns=&#8221;2&#8243; _builder_version=&#8221;4.27.0&#8243; _module_preset=&#8221;default&#8221; global_colors_info=&#8221;{}&#8221;][\/dipi_masonry_gallery][\/et_pb_column][\/et_pb_row][et_pb_row _builder_version=&#8221;4.19.5&#8243; _module_preset=&#8221;default&#8221; global_colors_info=&#8221;{}&#8221;][et_pb_column type=&#8221;4_4&#8243; _builder_version=&#8221;4.19.5&#8243; _module_preset=&#8221;default&#8221; global_colors_info=&#8221;{}&#8221;][et_pb_post_nav _builder_version=&#8221;4.16&#8243; min_height=&#8221;6px&#8221; custom_margin=&#8221;-23px|||||&#8221; custom_padding=&#8221;0px|||||&#8221; global_colors_info=&#8221;{}&#8221;][\/et_pb_post_nav][\/et_pb_column][\/et_pb_row][\/et_pb_section]<\/p>\n","protected":false},"excerpt":{"rendered":"<p>Immer \u00f6fter wird neben der fotografischen auch die videografische Begleitung von Events bei uns angefragt. Ob bei Konferenzen, Messen oder anderen Events, als Eventfotografen Berlin kommen wir diesem Wunsch gerne nach. Im Juli 2024 hatte die Kanzlei\u00a0Flick Gocke Schaumburg ihr 30-j\u00e4hriges Standortjubil\u00e4um in Berlin gefeiert. 500 geladene G\u00e4ste kamen in das Restaurant Baret des Humboldt [&hellip;]<\/p>\n","protected":false},"author":1,"featured_media":4839,"comment_status":"open","ping_status":"open","sticky":false,"template":"","format":"image","meta":{"_et_pb_use_builder":"on","_et_pb_old_content":"","_et_gb_content_width":"1080","footnotes":""},"categories":[3,29],"tags":[],"dipi_cpt_category":[],"class_list":["post-4847","post","type-post","status-publish","format-image","has-post-thumbnail","hentry","category-eventfotografie","category-videografie","post_format-post-format-image"],"yoast_head":"<!-- This site is optimized with the Yoast SEO plugin v27.5 - https:\/\/yoast.com\/product\/yoast-seo-wordpress\/ -->\n<title>Firmenfeier zum Standortjubil\u00e4um - Eventfotografen Berlin<\/title>\n<meta name=\"robots\" content=\"index, follow, max-snippet:-1, max-image-preview:large, max-video-preview:-1\" \/>\n<link rel=\"canonical\" href=\"https:\/\/www.eventfotografen.berlin\/en\/2024\/08\/18\/firmenfeier-zum-standortjubilaeum\/\" \/>\n<meta property=\"og:locale\" content=\"en_US\" \/>\n<meta property=\"og:type\" content=\"article\" \/>\n<meta property=\"og:title\" content=\"Firmenfeier zum Standortjubil\u00e4um - Eventfotografen Berlin\" \/>\n<meta property=\"og:description\" content=\"Immer \u00f6fter wird neben der fotografischen auch die videografische Begleitung von Events bei uns angefragt. Ob bei Konferenzen, Messen oder anderen Events, als Eventfotografen Berlin kommen wir diesem Wunsch gerne nach. Im Juli 2024 hatte die Kanzlei\u00a0Flick Gocke Schaumburg ihr 30-j\u00e4hriges Standortjubil\u00e4um in Berlin gefeiert. 500 geladene G\u00e4ste kamen in das Restaurant Baret des Humboldt [&hellip;]\" \/>\n<meta property=\"og:url\" content=\"https:\/\/www.eventfotografen.berlin\/en\/2024\/08\/18\/firmenfeier-zum-standortjubilaeum\/\" \/>\n<meta property=\"og:site_name\" content=\"Eventfotografen Berlin\" \/>\n<meta property=\"article:published_time\" content=\"2024-08-18T08:58:14+00:00\" \/>\n<meta property=\"article:modified_time\" content=\"2024-08-18T09:43:36+00:00\" \/>\n<meta property=\"og:image\" content=\"https:\/\/www.eventfotografen.berlin\/wp-content\/uploads\/2024\/08\/HumboldtForum_Cafe_Firmenfeier_Eventfotograf_040-scaled.jpg\" \/>\n\t<meta property=\"og:image:width\" content=\"2880\" \/>\n\t<meta property=\"og:image:height\" content=\"1920\" \/>\n\t<meta property=\"og:image:type\" content=\"image\/jpeg\" \/>\n<meta name=\"author\" content=\"Konstantin\" \/>\n<meta name=\"twitter:card\" content=\"summary_large_image\" \/>\n<meta name=\"twitter:label1\" content=\"Written by\" \/>\n\t<meta name=\"twitter:data1\" content=\"Konstantin\" \/>\n\t<meta name=\"twitter:label2\" content=\"Est. reading time\" \/>\n\t<meta name=\"twitter:data2\" content=\"10 minutes\" \/>\n<script type=\"application\/ld+json\" class=\"yoast-schema-graph\">{\"@context\":\"https:\\\/\\\/schema.org\",\"@graph\":[{\"@type\":\"Article\",\"@id\":\"https:\\\/\\\/www.eventfotografen.berlin\\\/en\\\/2024\\\/08\\\/18\\\/firmenfeier-zum-standortjubilaeum\\\/#article\",\"isPartOf\":{\"@id\":\"https:\\\/\\\/www.eventfotografen.berlin\\\/en\\\/2024\\\/08\\\/18\\\/firmenfeier-zum-standortjubilaeum\\\/\"},\"author\":{\"name\":\"Konstantin\",\"@id\":\"https:\\\/\\\/www.eventfotografen.berlin\\\/#\\\/schema\\\/person\\\/66588b44235e32eeb19b048e4aca5273\"},\"headline\":\"Firmenfeier zum Standortjubil\u00e4um\",\"datePublished\":\"2024-08-18T08:58:14+00:00\",\"dateModified\":\"2024-08-18T09:43:36+00:00\",\"mainEntityOfPage\":{\"@id\":\"https:\\\/\\\/www.eventfotografen.berlin\\\/en\\\/2024\\\/08\\\/18\\\/firmenfeier-zum-standortjubilaeum\\\/\"},\"wordCount\":355,\"commentCount\":0,\"publisher\":{\"@id\":\"https:\\\/\\\/www.eventfotografen.berlin\\\/#organization\"},\"image\":{\"@id\":\"https:\\\/\\\/www.eventfotografen.berlin\\\/en\\\/2024\\\/08\\\/18\\\/firmenfeier-zum-standortjubilaeum\\\/#primaryimage\"},\"thumbnailUrl\":\"https:\\\/\\\/www.eventfotografen.berlin\\\/wp-content\\\/uploads\\\/2024\\\/08\\\/HumboldtForum_Cafe_Firmenfeier_Eventfotograf_040-scaled.jpg\",\"articleSection\":[\"Eventfotografie\",\"Videografie\"],\"inLanguage\":\"en-US\",\"potentialAction\":[{\"@type\":\"CommentAction\",\"name\":\"Comment\",\"target\":[\"https:\\\/\\\/www.eventfotografen.berlin\\\/en\\\/2024\\\/08\\\/18\\\/firmenfeier-zum-standortjubilaeum\\\/#respond\"]}]},{\"@type\":\"WebPage\",\"@id\":\"https:\\\/\\\/www.eventfotografen.berlin\\\/en\\\/2024\\\/08\\\/18\\\/firmenfeier-zum-standortjubilaeum\\\/\",\"url\":\"https:\\\/\\\/www.eventfotografen.berlin\\\/en\\\/2024\\\/08\\\/18\\\/firmenfeier-zum-standortjubilaeum\\\/\",\"name\":\"Firmenfeier zum Standortjubil\u00e4um - Eventfotografen Berlin\",\"isPartOf\":{\"@id\":\"https:\\\/\\\/www.eventfotografen.berlin\\\/#website\"},\"primaryImageOfPage\":{\"@id\":\"https:\\\/\\\/www.eventfotografen.berlin\\\/en\\\/2024\\\/08\\\/18\\\/firmenfeier-zum-standortjubilaeum\\\/#primaryimage\"},\"image\":{\"@id\":\"https:\\\/\\\/www.eventfotografen.berlin\\\/en\\\/2024\\\/08\\\/18\\\/firmenfeier-zum-standortjubilaeum\\\/#primaryimage\"},\"thumbnailUrl\":\"https:\\\/\\\/www.eventfotografen.berlin\\\/wp-content\\\/uploads\\\/2024\\\/08\\\/HumboldtForum_Cafe_Firmenfeier_Eventfotograf_040-scaled.jpg\",\"datePublished\":\"2024-08-18T08:58:14+00:00\",\"dateModified\":\"2024-08-18T09:43:36+00:00\",\"breadcrumb\":{\"@id\":\"https:\\\/\\\/www.eventfotografen.berlin\\\/en\\\/2024\\\/08\\\/18\\\/firmenfeier-zum-standortjubilaeum\\\/#breadcrumb\"},\"inLanguage\":\"en-US\",\"potentialAction\":[{\"@type\":\"ReadAction\",\"target\":[\"https:\\\/\\\/www.eventfotografen.berlin\\\/en\\\/2024\\\/08\\\/18\\\/firmenfeier-zum-standortjubilaeum\\\/\"]}]},{\"@type\":\"ImageObject\",\"inLanguage\":\"en-US\",\"@id\":\"https:\\\/\\\/www.eventfotografen.berlin\\\/en\\\/2024\\\/08\\\/18\\\/firmenfeier-zum-standortjubilaeum\\\/#primaryimage\",\"url\":\"https:\\\/\\\/www.eventfotografen.berlin\\\/wp-content\\\/uploads\\\/2024\\\/08\\\/HumboldtForum_Cafe_Firmenfeier_Eventfotograf_040-scaled.jpg\",\"contentUrl\":\"https:\\\/\\\/www.eventfotografen.berlin\\\/wp-content\\\/uploads\\\/2024\\\/08\\\/HumboldtForum_Cafe_Firmenfeier_Eventfotograf_040-scaled.jpg\",\"width\":2880,\"height\":1920},{\"@type\":\"BreadcrumbList\",\"@id\":\"https:\\\/\\\/www.eventfotografen.berlin\\\/en\\\/2024\\\/08\\\/18\\\/firmenfeier-zum-standortjubilaeum\\\/#breadcrumb\",\"itemListElement\":[{\"@type\":\"ListItem\",\"position\":1,\"name\":\"Startseite\",\"item\":\"https:\\\/\\\/www.eventfotografen.berlin\\\/en\\\/\"},{\"@type\":\"ListItem\",\"position\":2,\"name\":\"Firmenfeier zum Standortjubil\u00e4um\"}]},{\"@type\":\"WebSite\",\"@id\":\"https:\\\/\\\/www.eventfotografen.berlin\\\/#website\",\"url\":\"https:\\\/\\\/www.eventfotografen.berlin\\\/\",\"name\":\"Eventfotografen Berlin\",\"description\":\"Ihre Profis f\u00fcr Eventfotografie, Konferenzfotografie &amp; Messefotografie\",\"publisher\":{\"@id\":\"https:\\\/\\\/www.eventfotografen.berlin\\\/#organization\"},\"potentialAction\":[{\"@type\":\"SearchAction\",\"target\":{\"@type\":\"EntryPoint\",\"urlTemplate\":\"https:\\\/\\\/www.eventfotografen.berlin\\\/?s={search_term_string}\"},\"query-input\":{\"@type\":\"PropertyValueSpecification\",\"valueRequired\":true,\"valueName\":\"search_term_string\"}}],\"inLanguage\":\"en-US\"},{\"@type\":\"Organization\",\"@id\":\"https:\\\/\\\/www.eventfotografen.berlin\\\/#organization\",\"name\":\"Eventfotografen Berlin\",\"url\":\"https:\\\/\\\/www.eventfotografen.berlin\\\/\",\"logo\":{\"@type\":\"ImageObject\",\"inLanguage\":\"en-US\",\"@id\":\"https:\\\/\\\/www.eventfotografen.berlin\\\/#\\\/schema\\\/logo\\\/image\\\/\",\"url\":\"https:\\\/\\\/www.eventfotografen.berlin\\\/wp-content\\\/uploads\\\/2020\\\/01\\\/web_logo_eventfotografen_berlin_schmal.png\",\"contentUrl\":\"https:\\\/\\\/www.eventfotografen.berlin\\\/wp-content\\\/uploads\\\/2020\\\/01\\\/web_logo_eventfotografen_berlin_schmal.png\",\"width\":300,\"height\":44,\"caption\":\"Eventfotografen Berlin\"},\"image\":{\"@id\":\"https:\\\/\\\/www.eventfotografen.berlin\\\/#\\\/schema\\\/logo\\\/image\\\/\"}},{\"@type\":\"Person\",\"@id\":\"https:\\\/\\\/www.eventfotografen.berlin\\\/#\\\/schema\\\/person\\\/66588b44235e32eeb19b048e4aca5273\",\"name\":\"Konstantin\",\"image\":{\"@type\":\"ImageObject\",\"inLanguage\":\"en-US\",\"@id\":\"https:\\\/\\\/secure.gravatar.com\\\/avatar\\\/62b47dd914b71aa0ecc4944f344fc8d649c5d1b5c226697b6555fc9ee4d60187?s=96&d=mm&r=g\",\"url\":\"https:\\\/\\\/secure.gravatar.com\\\/avatar\\\/62b47dd914b71aa0ecc4944f344fc8d649c5d1b5c226697b6555fc9ee4d60187?s=96&d=mm&r=g\",\"contentUrl\":\"https:\\\/\\\/secure.gravatar.com\\\/avatar\\\/62b47dd914b71aa0ecc4944f344fc8d649c5d1b5c226697b6555fc9ee4d60187?s=96&d=mm&r=g\",\"caption\":\"Konstantin\"}}]}<\/script>\n<!-- \/ Yoast SEO plugin. -->","yoast_head_json":{"title":"Firmenfeier zum Standortjubil\u00e4um - Eventfotografen Berlin","robots":{"index":"index","follow":"follow","max-snippet":"max-snippet:-1","max-image-preview":"max-image-preview:large","max-video-preview":"max-video-preview:-1"},"canonical":"https:\/\/www.eventfotografen.berlin\/en\/2024\/08\/18\/firmenfeier-zum-standortjubilaeum\/","og_locale":"en_US","og_type":"article","og_title":"Firmenfeier zum Standortjubil\u00e4um - Eventfotografen Berlin","og_description":"Immer \u00f6fter wird neben der fotografischen auch die videografische Begleitung von Events bei uns angefragt. Ob bei Konferenzen, Messen oder anderen Events, als Eventfotografen Berlin kommen wir diesem Wunsch gerne nach. Im Juli 2024 hatte die Kanzlei\u00a0Flick Gocke Schaumburg ihr 30-j\u00e4hriges Standortjubil\u00e4um in Berlin gefeiert. 500 geladene G\u00e4ste kamen in das Restaurant Baret des Humboldt [&hellip;]","og_url":"https:\/\/www.eventfotografen.berlin\/en\/2024\/08\/18\/firmenfeier-zum-standortjubilaeum\/","og_site_name":"Eventfotografen Berlin","article_published_time":"2024-08-18T08:58:14+00:00","article_modified_time":"2024-08-18T09:43:36+00:00","og_image":[{"width":2880,"height":1920,"url":"https:\/\/www.eventfotografen.berlin\/wp-content\/uploads\/2024\/08\/HumboldtForum_Cafe_Firmenfeier_Eventfotograf_040-scaled.jpg","type":"image\/jpeg"}],"author":"Konstantin","twitter_card":"summary_large_image","twitter_misc":{"Written by":"Konstantin","Est. reading time":"10 minutes"},"schema":{"@context":"https:\/\/schema.org","@graph":[{"@type":"Article","@id":"https:\/\/www.eventfotografen.berlin\/en\/2024\/08\/18\/firmenfeier-zum-standortjubilaeum\/#article","isPartOf":{"@id":"https:\/\/www.eventfotografen.berlin\/en\/2024\/08\/18\/firmenfeier-zum-standortjubilaeum\/"},"author":{"name":"Konstantin","@id":"https:\/\/www.eventfotografen.berlin\/#\/schema\/person\/66588b44235e32eeb19b048e4aca5273"},"headline":"Firmenfeier zum Standortjubil\u00e4um","datePublished":"2024-08-18T08:58:14+00:00","dateModified":"2024-08-18T09:43:36+00:00","mainEntityOfPage":{"@id":"https:\/\/www.eventfotografen.berlin\/en\/2024\/08\/18\/firmenfeier-zum-standortjubilaeum\/"},"wordCount":355,"commentCount":0,"publisher":{"@id":"https:\/\/www.eventfotografen.berlin\/#organization"},"image":{"@id":"https:\/\/www.eventfotografen.berlin\/en\/2024\/08\/18\/firmenfeier-zum-standortjubilaeum\/#primaryimage"},"thumbnailUrl":"https:\/\/www.eventfotografen.berlin\/wp-content\/uploads\/2024\/08\/HumboldtForum_Cafe_Firmenfeier_Eventfotograf_040-scaled.jpg","articleSection":["Eventfotografie","Videografie"],"inLanguage":"en-US","potentialAction":[{"@type":"CommentAction","name":"Comment","target":["https:\/\/www.eventfotografen.berlin\/en\/2024\/08\/18\/firmenfeier-zum-standortjubilaeum\/#respond"]}]},{"@type":"WebPage","@id":"https:\/\/www.eventfotografen.berlin\/en\/2024\/08\/18\/firmenfeier-zum-standortjubilaeum\/","url":"https:\/\/www.eventfotografen.berlin\/en\/2024\/08\/18\/firmenfeier-zum-standortjubilaeum\/","name":"Firmenfeier zum Standortjubil\u00e4um - Eventfotografen Berlin","isPartOf":{"@id":"https:\/\/www.eventfotografen.berlin\/#website"},"primaryImageOfPage":{"@id":"https:\/\/www.eventfotografen.berlin\/en\/2024\/08\/18\/firmenfeier-zum-standortjubilaeum\/#primaryimage"},"image":{"@id":"https:\/\/www.eventfotografen.berlin\/en\/2024\/08\/18\/firmenfeier-zum-standortjubilaeum\/#primaryimage"},"thumbnailUrl":"https:\/\/www.eventfotografen.berlin\/wp-content\/uploads\/2024\/08\/HumboldtForum_Cafe_Firmenfeier_Eventfotograf_040-scaled.jpg","datePublished":"2024-08-18T08:58:14+00:00","dateModified":"2024-08-18T09:43:36+00:00","breadcrumb":{"@id":"https:\/\/www.eventfotografen.berlin\/en\/2024\/08\/18\/firmenfeier-zum-standortjubilaeum\/#breadcrumb"},"inLanguage":"en-US","potentialAction":[{"@type":"ReadAction","target":["https:\/\/www.eventfotografen.berlin\/en\/2024\/08\/18\/firmenfeier-zum-standortjubilaeum\/"]}]},{"@type":"ImageObject","inLanguage":"en-US","@id":"https:\/\/www.eventfotografen.berlin\/en\/2024\/08\/18\/firmenfeier-zum-standortjubilaeum\/#primaryimage","url":"https:\/\/www.eventfotografen.berlin\/wp-content\/uploads\/2024\/08\/HumboldtForum_Cafe_Firmenfeier_Eventfotograf_040-scaled.jpg","contentUrl":"https:\/\/www.eventfotografen.berlin\/wp-content\/uploads\/2024\/08\/HumboldtForum_Cafe_Firmenfeier_Eventfotograf_040-scaled.jpg","width":2880,"height":1920},{"@type":"BreadcrumbList","@id":"https:\/\/www.eventfotografen.berlin\/en\/2024\/08\/18\/firmenfeier-zum-standortjubilaeum\/#breadcrumb","itemListElement":[{"@type":"ListItem","position":1,"name":"Startseite","item":"https:\/\/www.eventfotografen.berlin\/en\/"},{"@type":"ListItem","position":2,"name":"Firmenfeier zum Standortjubil\u00e4um"}]},{"@type":"WebSite","@id":"https:\/\/www.eventfotografen.berlin\/#website","url":"https:\/\/www.eventfotografen.berlin\/","name":"Eventfotografen Berlin","description":"Ihre Profis f\u00fcr Eventfotografie, Konferenzfotografie &amp; Messefotografie","publisher":{"@id":"https:\/\/www.eventfotografen.berlin\/#organization"},"potentialAction":[{"@type":"SearchAction","target":{"@type":"EntryPoint","urlTemplate":"https:\/\/www.eventfotografen.berlin\/?s={search_term_string}"},"query-input":{"@type":"PropertyValueSpecification","valueRequired":true,"valueName":"search_term_string"}}],"inLanguage":"en-US"},{"@type":"Organization","@id":"https:\/\/www.eventfotografen.berlin\/#organization","name":"Eventfotografen Berlin","url":"https:\/\/www.eventfotografen.berlin\/","logo":{"@type":"ImageObject","inLanguage":"en-US","@id":"https:\/\/www.eventfotografen.berlin\/#\/schema\/logo\/image\/","url":"https:\/\/www.eventfotografen.berlin\/wp-content\/uploads\/2020\/01\/web_logo_eventfotografen_berlin_schmal.png","contentUrl":"https:\/\/www.eventfotografen.berlin\/wp-content\/uploads\/2020\/01\/web_logo_eventfotografen_berlin_schmal.png","width":300,"height":44,"caption":"Eventfotografen Berlin"},"image":{"@id":"https:\/\/www.eventfotografen.berlin\/#\/schema\/logo\/image\/"}},{"@type":"Person","@id":"https:\/\/www.eventfotografen.berlin\/#\/schema\/person\/66588b44235e32eeb19b048e4aca5273","name":"Konstantin","image":{"@type":"ImageObject","inLanguage":"en-US","@id":"https:\/\/secure.gravatar.com\/avatar\/62b47dd914b71aa0ecc4944f344fc8d649c5d1b5c226697b6555fc9ee4d60187?s=96&d=mm&r=g","url":"https:\/\/secure.gravatar.com\/avatar\/62b47dd914b71aa0ecc4944f344fc8d649c5d1b5c226697b6555fc9ee4d60187?s=96&d=mm&r=g","contentUrl":"https:\/\/secure.gravatar.com\/avatar\/62b47dd914b71aa0ecc4944f344fc8d649c5d1b5c226697b6555fc9ee4d60187?s=96&d=mm&r=g","caption":"Konstantin"}}]}},"_links":{"self":[{"href":"https:\/\/www.eventfotografen.berlin\/en\/wp-json\/wp\/v2\/posts\/4847","targetHints":{"allow":["GET"]}}],"collection":[{"href":"https:\/\/www.eventfotografen.berlin\/en\/wp-json\/wp\/v2\/posts"}],"about":[{"href":"https:\/\/www.eventfotografen.berlin\/en\/wp-json\/wp\/v2\/types\/post"}],"author":[{"embeddable":true,"href":"https:\/\/www.eventfotografen.berlin\/en\/wp-json\/wp\/v2\/users\/1"}],"replies":[{"embeddable":true,"href":"https:\/\/www.eventfotografen.berlin\/en\/wp-json\/wp\/v2\/comments?post=4847"}],"version-history":[{"count":13,"href":"https:\/\/www.eventfotografen.berlin\/en\/wp-json\/wp\/v2\/posts\/4847\/revisions"}],"predecessor-version":[{"id":4865,"href":"https:\/\/www.eventfotografen.berlin\/en\/wp-json\/wp\/v2\/posts\/4847\/revisions\/4865"}],"wp:featuredmedia":[{"embeddable":true,"href":"https:\/\/www.eventfotografen.berlin\/en\/wp-json\/wp\/v2\/media\/4839"}],"wp:attachment":[{"href":"https:\/\/www.eventfotografen.berlin\/en\/wp-json\/wp\/v2\/media?parent=4847"}],"wp:term":[{"taxonomy":"category","embeddable":true,"href":"https:\/\/www.eventfotografen.berlin\/en\/wp-json\/wp\/v2\/categories?post=4847"},{"taxonomy":"post_tag","embeddable":true,"href":"https:\/\/www.eventfotografen.berlin\/en\/wp-json\/wp\/v2\/tags?post=4847"},{"taxonomy":"dipi_cpt_category","embeddable":true,"href":"https:\/\/www.eventfotografen.berlin\/en\/wp-json\/wp\/v2\/dipi_cpt_category?post=4847"}],"curies":[{"name":"wp","href":"https:\/\/api.w.org\/{rel}","templated":true}]}}