{"id":4141,"date":"2022-10-09T15:52:21","date_gmt":"2022-10-09T13:52:21","guid":{"rendered":"https:\/\/www.eventfotografen.berlin\/?p=4141"},"modified":"2022-10-09T15:53:44","modified_gmt":"2022-10-09T13:53:44","slug":"7-einsaetze-an-3-tage-innotrans-2022","status":"publish","type":"post","link":"https:\/\/www.eventfotografen.berlin\/en\/2022\/10\/09\/7-einsaetze-an-3-tage-innotrans-2022\/","title":{"rendered":"7 Eins\u00e4tze an 3 Tage &#8211; InnoTrans 2022"},"content":{"rendered":"<p>[et_pb_section fb_built=&#8221;1&#8243; _builder_version=&#8221;4.16&#8243; custom_padding=&#8221;0px|||||&#8221; global_colors_info=&#8221;{}&#8221;][et_pb_row _builder_version=&#8221;4.16&#8243; global_colors_info=&#8221;{}&#8221;][et_pb_column type=&#8221;4_4&#8243; _builder_version=&#8221;4.16&#8243; global_colors_info=&#8221;{}&#8221;][et_pb_text _builder_version=&#8221;4.18.0&#8243; custom_padding=&#8221;||0px|||&#8221; global_colors_info=&#8221;{}&#8221;]<\/p>\n<p>Die InnoTrans 2022 geht f\u00fcr uns Eventfotografen mit 7 Eins\u00e4tzen an 3 Messetagen zu Ende. <span>Die InnoTrans ist eine internationale Fachmesse f\u00fcr Verkehrstechnik mit dem Schwerpunkt Schienentechnik auf dem Gel\u00e4nde der <a href=\"https:\/\/www.messe-berlin.de\/\" target=\"_blank\" rel=\"noopener\">Messe Berlin<\/a>.<br \/>F\u00fcr 6 verschiedene Kunden hatten wir mit ingesamt 3 Fotografen, 7 Eins\u00e4tze auf und abseits der Messe. Hier ein paar Impressionen unserer Eins\u00e4tze.<\/p>\n<p>Bereits einen Tag vor der InnoTrans begleiteten wir die Jubil\u00e4umsfeier eines der <a href=\"https:\/\/rail-s.de\/\" target=\"_blank\" rel=\"noopener\">Rail.S<\/a> Unternehmen, welches sein 30j\u00e4hriges Bestehen feierte. In herrlicher Atmossph\u00e4re \u00fcber den D\u00e4chern der Hauptstadt lud <a href=\"https:\/\/www.cideon-engineering.com\/de\/\" target=\"_blank\" rel=\"noopener\">cideon energy<\/a> G\u00e4ste und Gesch\u00e4ftspartner zu einem entspannten Abend mit BBQ und Fachgespr\u00e4chen ein.<\/span><\/p>\n<p>[\/et_pb_text][\/et_pb_column][\/et_pb_row][et_pb_row _builder_version=&#8221;4.16&#8243; custom_margin=&#8221;-394px|auto||auto||&#8221; global_colors_info=&#8221;{}&#8221;][et_pb_column type=&#8221;4_4&#8243; _builder_version=&#8221;4.16&#8243; global_colors_info=&#8221;{}&#8221;][et_pb_toggle title=&#8221;Fakten zum Event hier im Detail&#8221; _builder_version=&#8221;4.18.0&#8243; min_height=&#8221;30px&#8221; custom_margin=&#8221;14px|||||&#8221; custom_padding=&#8221;12px||13px|||&#8221; global_colors_info=&#8221;{}&#8221;]<\/p>\n<p><span>Bereich: Eventfotografie<br \/><\/span><span>Begleitungsl\u00e4nge: 4h \/ 1 Fotograf<br \/>Format: Messebegleitendes Kundenevent<br \/>Ort: PanAm Lounge Berlin<br \/>G\u00e4ste: 50<\/span><\/p>\n<p>[\/et_pb_toggle][et_pb_gallery gallery_ids=&#8221;3735,3737,3739,3741,3743,3745,3747,3749,3751,3753,3755,3757,3761,3763,3765,3769&#8243; posts_number=&#8221;28&#8243; show_title_and_caption=&#8221;off&#8221; _builder_version=&#8221;4.18.0&#8243; custom_margin=&#8221;32px||-25px|||&#8221; custom_padding=&#8221;||0px|||&#8221; global_colors_info=&#8221;{}&#8221;][\/et_pb_gallery][et_pb_text _builder_version=&#8221;4.18.0&#8243; custom_padding=&#8221;||0px|||&#8221; global_colors_info=&#8221;{}&#8221;]<\/p>\n<p>An 2 Tagen haben wir gef\u00fchrte Touren \u00fcber das Gel\u00e4nde der InnoTrans 2022 begleitet. Die Touren umfassten sowohl ausl\u00e4ndische Delegationen als auch Fachbesucher, die ausgew\u00e4hlte Aussteller unter einem Themenschwerpunkt besuchten.<\/p>\n<p>[\/et_pb_text][et_pb_toggle title=&#8221;Fakten zum Event hier im Detail&#8221; _builder_version=&#8221;4.18.0&#8243; min_height=&#8221;30px&#8221; custom_margin=&#8221;14px|||||&#8221; custom_padding=&#8221;12px||13px|||&#8221; global_colors_info=&#8221;{}&#8221;]<\/p>\n<p><span>Bereich: Messefotografie<br \/><\/span><span>Begleitungsl\u00e4nge: 2 x 4h \/ 1 Fotograf<br \/>Format: Messetouren \/ Guided Tours<br \/>Ort: Messe Berlin<br \/>G\u00e4ste: 10-30 Teilnehmer pro Tour<\/span><\/p>\n<p>[\/et_pb_toggle][et_pb_gallery gallery_ids=&#8221;3771,3773,3775,3777,3779,3781,3783,3785,3787,3789,3791,3793,3795,3797,3799,3801,3805,3807,3809,3811,3813,3815,3817,3819,3821,3823,3825,3827,3829,3831,3833,3835,3837,3839,3841,3843,3845,3847,3849,3851,3853,3855,3857,3859,3861,3863,3865,3867,3869,3871,3873,3875,3877,3879,3881&#8243; posts_number=&#8221;28&#8243; show_title_and_caption=&#8221;off&#8221; _builder_version=&#8221;4.18.0&#8243; custom_margin=&#8221;32px||-25px|||&#8221; custom_padding=&#8221;||0px|||&#8221; global_colors_info=&#8221;{}&#8221;][\/et_pb_gallery][et_pb_text _builder_version=&#8221;4.18.0&#8243; custom_padding=&#8221;||0px|||&#8221; global_colors_info=&#8221;{}&#8221;]<\/p>\n<p>F\u00fcr die Hauptstadtregion Berlin Brandenburg haben wir das Messegeschehen am Gemeinschaftsstand fotografisch dokumentiert.\u00a0<\/p>\n<p>[\/et_pb_text][et_pb_toggle title=&#8221;Fakten zum Event hier im Detail&#8221; _builder_version=&#8221;4.18.0&#8243; min_height=&#8221;30px&#8221; custom_margin=&#8221;14px|||||&#8221; custom_padding=&#8221;12px||13px|||&#8221; global_colors_info=&#8221;{}&#8221;]<\/p>\n<p><span>Bereich: Messefotografie<br \/><\/span><span>Begleitungsl\u00e4nge: 2 x 4h \/ 1 Fotograf<br \/>Format: Messegeschehen<br \/>Ort: Messe Berlin<br \/>G\u00e4ste: Messeg\u00e4ste \/ Fachbesucher<\/span><\/p>\n<p>[\/et_pb_toggle][et_pb_gallery gallery_ids=&#8221;3883,3885,3887,3889,3891,3893,3895,3897,3899,3901,3903,3905,3907,3909,3911,3913,3915,3917,3919,3921,3923,3925,3927,3929,3931,3933,3935,3937,3939,3941,3943,3945,3947&#8243; posts_number=&#8221;28&#8243; show_title_and_caption=&#8221;off&#8221; _builder_version=&#8221;4.18.0&#8243; custom_margin=&#8221;32px||-25px|||&#8221; custom_padding=&#8221;||0px|||&#8221; global_colors_info=&#8221;{}&#8221;][\/et_pb_gallery][et_pb_text _builder_version=&#8221;4.18.0&#8243; custom_padding=&#8221;||0px|||&#8221; global_colors_info=&#8221;{}&#8221;]<\/p>\n<p><span>Nicht nur Firmen aus den Bereichen Infrastruktur, Transport oder Bahnverkehr tummeln sich auf der InnoTrans. Auch Unternehmen, von denen man es nicht gleich erwartet, sind hier zu finden. Zum Beispiel der gro\u00dfe chinesische Technologie- und Kommunikationskonzern HUAWEI. Vielen vermutlich bekannt aus dem Bereich Smartphone, ist der Konzernmulti aber auch ganz gro\u00df im Bereich des Schienenverkehrs involviert, egal ob mobiles Zug-WLAN oder Digitalfunk, nicht selten steckt HUAWEI drin. Auf dem 9. HUAWEI InnoTrans Summit am Rande der Messe trafen sich Fachleute aus aller Welt parallel im Grand Hyatt Hotel Berlin, um \u00fcber die Zukunft der Kommunikation auf Schienen zu diskutieren. Nat\u00fcrlich nicht ohne uns.<\/span><\/p>\n<p>[\/et_pb_text][et_pb_toggle title=&#8221;Fakten zum Event hier im Detail&#8221; _builder_version=&#8221;4.18.0&#8243; min_height=&#8221;30px&#8221; custom_margin=&#8221;14px|||||&#8221; custom_padding=&#8221;12px||13px|||&#8221; global_colors_info=&#8221;{}&#8221;]<\/p>\n<p><span>Bereich: Konferenzfotografie \/ Messefotografie \/ Eventfotografie<br \/><\/span><span>Begleitungsl\u00e4nge: 8h \/ 1 Fotograf<br \/>Format: Konferenz begleitend zur Messe<br \/>Ort: Grand Hyatt Berlin<br \/>G\u00e4ste: 120<\/span><\/p>\n<p>[\/et_pb_toggle][et_pb_gallery gallery_ids=&#8221;3949,3951,3953,3955,3957,3959,3961,3963,3965,3967,3969,3971,3973,3975,3977,3979,3981,3983,3985,3987,3989,3991,3993,3995,3997,3999,4001,4003&#8243; posts_number=&#8221;28&#8243; show_title_and_caption=&#8221;off&#8221; _builder_version=&#8221;4.18.0&#8243; custom_margin=&#8221;32px||-25px|||&#8221; custom_padding=&#8221;||0px|||&#8221; global_colors_info=&#8221;{}&#8221;][\/et_pb_gallery][et_pb_text _builder_version=&#8221;4.18.0&#8243; custom_padding=&#8221;||0px|||&#8221; global_colors_info=&#8221;{}&#8221;]<\/p>\n<p><span>F\u00fcr die <a href=\"https:\/\/www.schunk-group.com\/de\/\" target=\"_blank\" rel=\"noopener\">Schunk Group<\/a> durften wir ein Tag lang das Geschehen am Messestand begleiten. Schunk ist ein international t\u00e4tiges Unternehmen aus Hessen, welches vor allem im Bereich der Werkstofftechnik und dem Maschinenbau t\u00e4tig ist. Auf der InnoTrans hat sich die <a href=\"https:\/\/www.schunk-group.com\/transit-systems\/de\" target=\"_blank\" rel=\"noopener\">B<\/a><a href=\"https:\/\/www.schunk-group.com\/transit-systems\/de\">usiness Unit Transit Systems<\/a> pr\u00e4sentiert, die vor allem f\u00fcr Produkte f\u00fcr die Bahntechnik und Elektrofahrzeuge, zum Beispiel Pantographen f\u00fcr Z\u00fcge oder Dachladestromabnehmer f\u00fcr Elektrobusse bekannt ist.<\/span><\/p>\n<p>[\/et_pb_text][et_pb_toggle title=&#8221;Fakten zum Event hier im Detail&#8221; _builder_version=&#8221;4.18.0&#8243; min_height=&#8221;30px&#8221; custom_margin=&#8221;14px|||||&#8221; custom_padding=&#8221;12px||13px|||&#8221; global_colors_info=&#8221;{}&#8221;]<\/p>\n<p><span>Bereich: Messefotografie<br \/><\/span><span>Begleitungsl\u00e4nge: 8h \/ 1 Fotograf<br \/>Format: Messegeschehen<br \/>Ort: Messe Berlin<br \/>G\u00e4ste: Messeg\u00e4ste \/ Fachbesucher<\/span><\/p>\n<p>[\/et_pb_toggle][et_pb_gallery gallery_ids=&#8221;4005,4007,4009,4011,4013,4015,4017,4019,4021,4023,4025,4027,4029,4031,4033,4035,4037,4039,4041,4043,4045,4047,4049,4051,4053,4055,4057,4059,4061,4063,4065,4067,4069,4071,4073,4075,4077,4079,4081,4083,4085&#8243; posts_number=&#8221;28&#8243; show_title_and_caption=&#8221;off&#8221; _builder_version=&#8221;4.18.0&#8243; custom_margin=&#8221;32px||-25px|||&#8221; custom_padding=&#8221;||0px|||&#8221; global_colors_info=&#8221;{}&#8221;][\/et_pb_gallery][et_pb_text _builder_version=&#8221;4.18.0&#8243; custom_padding=&#8221;||0px|||&#8221; global_colors_info=&#8221;{}&#8221;]<\/p>\n<p><span>Die erste funktionst\u00fcchtige Dampflok \u00fcberhaupt wurde in Sachsen erfunden, gebaut und war auch da auf der Strecke Dresden-Leipzig im Einsatz.\u00a0 So wundert es nicht, dass <a href=\"https:\/\/rail-s.de\/\" target=\"_blank\" rel=\"noopener\">Rail.S<\/a> mit gleich mehreren St\u00e4nden auf der Messe vertreten ist. Unter diesem Label versammelten sich gro\u00dfe Firmen aus Sachsen, um unter einem gemeinsamen Dach Innovationen, Technologie, Material oder Infrastruktur aus dem Bereich des Schienentransportwesens vorzustellen. Das lies sich auch der s\u00e4chsische Wirtschaftsminister, Martin Dulig, bei einem Standrundgang nicht entgehen.<\/span><\/p>\n<p>[\/et_pb_text][et_pb_toggle title=&#8221;Fakten zum Event hier im Detail&#8221; _builder_version=&#8221;4.18.0&#8243; min_height=&#8221;30px&#8221; custom_margin=&#8221;14px|||||&#8221; custom_padding=&#8221;12px||13px|||&#8221; global_colors_info=&#8221;{}&#8221;]<\/p>\n<p><span>Bereich: Messefotografie<br \/><\/span><span>Begleitungsl\u00e4nge: 4h \/ 1 Fotograf<br \/>Format: gemeinschaftliche St\u00e4nde des Bundeslandes Sachsen zur InnoTrans<br \/>Ort: Messe Berlin<br \/>G\u00e4ste: Messeg\u00e4ste \/ Fachbesucher<\/span><\/p>\n<p>[\/et_pb_toggle][et_pb_gallery gallery_ids=&#8221;4087,4089,4091,4093,4095,4097,4099,4101,4103,4105,4107,4109,4111,4113,4115,4117,4119,4121,4123,4125,4127,4129,4131,4133,4135,4137,4139&#8243; posts_number=&#8221;28&#8243; show_title_and_caption=&#8221;off&#8221; _builder_version=&#8221;4.18.0&#8243; custom_margin=&#8221;32px||-25px|||&#8221; custom_padding=&#8221;||66px|||&#8221; global_colors_info=&#8221;{}&#8221;][\/et_pb_gallery][et_pb_post_nav _builder_version=&#8221;4.16&#8243; min_height=&#8221;6px&#8221; custom_margin=&#8221;-23px|||||&#8221; custom_padding=&#8221;0px|||||&#8221; global_colors_info=&#8221;{}&#8221;][\/et_pb_post_nav][\/et_pb_column][\/et_pb_row][\/et_pb_section]<\/p>\n","protected":false},"excerpt":{"rendered":"<p>Die InnoTrans 2022 geht f\u00fcr uns Eventfotografen mit 7 Eins\u00e4tzen an 3 Messetagen zu Ende. Die InnoTrans ist eine internationale Fachmesse f\u00fcr Verkehrstechnik mit dem Schwerpunkt Schienentechnik auf dem Gel\u00e4nde der Messe Berlin.F\u00fcr 6 verschiedene Kunden hatten wir mit ingesamt 3 Fotografen, 7 Eins\u00e4tze auf und abseits der Messe. Hier ein paar Impressionen unserer Eins\u00e4tze. [&hellip;]<\/p>\n","protected":false},"author":1,"featured_media":4145,"comment_status":"open","ping_status":"open","sticky":false,"template":"","format":"image","meta":{"_et_pb_use_builder":"on","_et_pb_old_content":"","_et_gb_content_width":"1080","footnotes":""},"categories":[3,4,5],"tags":[],"dipi_cpt_category":[],"class_list":["post-4141","post","type-post","status-publish","format-image","has-post-thumbnail","hentry","category-eventfotografie","category-konferenzfotografie","category-messefotografie","post_format-post-format-image"],"yoast_head":"<!-- This site is optimized with the Yoast SEO plugin v27.5 - https:\/\/yoast.com\/product\/yoast-seo-wordpress\/ -->\n<title>7 Eins\u00e4tze an 3 Tage - InnoTrans 2022 - Eventfotografen Berlin<\/title>\n<meta name=\"robots\" content=\"index, follow, max-snippet:-1, max-image-preview:large, max-video-preview:-1\" \/>\n<link rel=\"canonical\" href=\"https:\/\/www.eventfotografen.berlin\/2022\/10\/09\/7-einsaetze-an-3-tage-innotrans-2022\/\" \/>\n<meta property=\"og:locale\" content=\"en_US\" \/>\n<meta property=\"og:type\" content=\"article\" \/>\n<meta property=\"og:title\" content=\"7 Eins\u00e4tze an 3 Tage - InnoTrans 2022 - Eventfotografen Berlin\" \/>\n<meta property=\"og:description\" content=\"Die InnoTrans 2022 geht f\u00fcr uns Eventfotografen mit 7 Eins\u00e4tzen an 3 Messetagen zu Ende. Die InnoTrans ist eine internationale Fachmesse f\u00fcr Verkehrstechnik mit dem Schwerpunkt Schienentechnik auf dem Gel\u00e4nde der Messe Berlin.F\u00fcr 6 verschiedene Kunden hatten wir mit ingesamt 3 Fotografen, 7 Eins\u00e4tze auf und abseits der Messe. Hier ein paar Impressionen unserer Eins\u00e4tze. [&hellip;]\" \/>\n<meta property=\"og:url\" content=\"https:\/\/www.eventfotografen.berlin\/2022\/10\/09\/7-einsaetze-an-3-tage-innotrans-2022\/\" \/>\n<meta property=\"og:site_name\" content=\"Eventfotografen Berlin\" \/>\n<meta property=\"article:published_time\" content=\"2022-10-09T13:52:21+00:00\" \/>\n<meta property=\"article:modified_time\" content=\"2022-10-09T13:53:44+00:00\" \/>\n<meta property=\"og:image\" content=\"https:\/\/www.eventfotografen.berlin\/wp-content\/uploads\/2022\/10\/teaser_innotrans2022.jpg\" \/>\n\t<meta property=\"og:image:width\" content=\"1080\" \/>\n\t<meta property=\"og:image:height\" content=\"675\" \/>\n\t<meta property=\"og:image:type\" content=\"image\/jpeg\" \/>\n<meta name=\"author\" content=\"Konstantin\" \/>\n<meta name=\"twitter:card\" content=\"summary_large_image\" \/>\n<meta name=\"twitter:label1\" content=\"Written by\" \/>\n\t<meta name=\"twitter:data1\" content=\"Konstantin\" \/>\n\t<meta name=\"twitter:label2\" content=\"Est. reading time\" \/>\n\t<meta name=\"twitter:data2\" content=\"2 minutes\" \/>\n<script type=\"application\/ld+json\" class=\"yoast-schema-graph\">{\"@context\":\"https:\\\/\\\/schema.org\",\"@graph\":[{\"@type\":\"Article\",\"@id\":\"https:\\\/\\\/www.eventfotografen.berlin\\\/2022\\\/10\\\/09\\\/7-einsaetze-an-3-tage-innotrans-2022\\\/#article\",\"isPartOf\":{\"@id\":\"https:\\\/\\\/www.eventfotografen.berlin\\\/2022\\\/10\\\/09\\\/7-einsaetze-an-3-tage-innotrans-2022\\\/\"},\"author\":{\"name\":\"Konstantin\",\"@id\":\"https:\\\/\\\/www.eventfotografen.berlin\\\/#\\\/schema\\\/person\\\/66588b44235e32eeb19b048e4aca5273\"},\"headline\":\"7 Eins\u00e4tze an 3 Tage &#8211; InnoTrans 2022\",\"datePublished\":\"2022-10-09T13:52:21+00:00\",\"dateModified\":\"2022-10-09T13:53:44+00:00\",\"mainEntityOfPage\":{\"@id\":\"https:\\\/\\\/www.eventfotografen.berlin\\\/2022\\\/10\\\/09\\\/7-einsaetze-an-3-tage-innotrans-2022\\\/\"},\"wordCount\":1021,\"commentCount\":0,\"publisher\":{\"@id\":\"https:\\\/\\\/www.eventfotografen.berlin\\\/#organization\"},\"image\":{\"@id\":\"https:\\\/\\\/www.eventfotografen.berlin\\\/2022\\\/10\\\/09\\\/7-einsaetze-an-3-tage-innotrans-2022\\\/#primaryimage\"},\"thumbnailUrl\":\"https:\\\/\\\/www.eventfotografen.berlin\\\/wp-content\\\/uploads\\\/2022\\\/10\\\/teaser_innotrans2022.jpg\",\"articleSection\":[\"Eventfotografie\",\"Konferenzfotografie\",\"Messefotografie\"],\"inLanguage\":\"en-US\",\"potentialAction\":[{\"@type\":\"CommentAction\",\"name\":\"Comment\",\"target\":[\"https:\\\/\\\/www.eventfotografen.berlin\\\/2022\\\/10\\\/09\\\/7-einsaetze-an-3-tage-innotrans-2022\\\/#respond\"]}]},{\"@type\":\"WebPage\",\"@id\":\"https:\\\/\\\/www.eventfotografen.berlin\\\/2022\\\/10\\\/09\\\/7-einsaetze-an-3-tage-innotrans-2022\\\/\",\"url\":\"https:\\\/\\\/www.eventfotografen.berlin\\\/2022\\\/10\\\/09\\\/7-einsaetze-an-3-tage-innotrans-2022\\\/\",\"name\":\"7 Eins\u00e4tze an 3 Tage - InnoTrans 2022 - Eventfotografen Berlin\",\"isPartOf\":{\"@id\":\"https:\\\/\\\/www.eventfotografen.berlin\\\/#website\"},\"primaryImageOfPage\":{\"@id\":\"https:\\\/\\\/www.eventfotografen.berlin\\\/2022\\\/10\\\/09\\\/7-einsaetze-an-3-tage-innotrans-2022\\\/#primaryimage\"},\"image\":{\"@id\":\"https:\\\/\\\/www.eventfotografen.berlin\\\/2022\\\/10\\\/09\\\/7-einsaetze-an-3-tage-innotrans-2022\\\/#primaryimage\"},\"thumbnailUrl\":\"https:\\\/\\\/www.eventfotografen.berlin\\\/wp-content\\\/uploads\\\/2022\\\/10\\\/teaser_innotrans2022.jpg\",\"datePublished\":\"2022-10-09T13:52:21+00:00\",\"dateModified\":\"2022-10-09T13:53:44+00:00\",\"breadcrumb\":{\"@id\":\"https:\\\/\\\/www.eventfotografen.berlin\\\/2022\\\/10\\\/09\\\/7-einsaetze-an-3-tage-innotrans-2022\\\/#breadcrumb\"},\"inLanguage\":\"en-US\",\"potentialAction\":[{\"@type\":\"ReadAction\",\"target\":[\"https:\\\/\\\/www.eventfotografen.berlin\\\/2022\\\/10\\\/09\\\/7-einsaetze-an-3-tage-innotrans-2022\\\/\"]}]},{\"@type\":\"ImageObject\",\"inLanguage\":\"en-US\",\"@id\":\"https:\\\/\\\/www.eventfotografen.berlin\\\/2022\\\/10\\\/09\\\/7-einsaetze-an-3-tage-innotrans-2022\\\/#primaryimage\",\"url\":\"https:\\\/\\\/www.eventfotografen.berlin\\\/wp-content\\\/uploads\\\/2022\\\/10\\\/teaser_innotrans2022.jpg\",\"contentUrl\":\"https:\\\/\\\/www.eventfotografen.berlin\\\/wp-content\\\/uploads\\\/2022\\\/10\\\/teaser_innotrans2022.jpg\",\"width\":1080,\"height\":675},{\"@type\":\"BreadcrumbList\",\"@id\":\"https:\\\/\\\/www.eventfotografen.berlin\\\/2022\\\/10\\\/09\\\/7-einsaetze-an-3-tage-innotrans-2022\\\/#breadcrumb\",\"itemListElement\":[{\"@type\":\"ListItem\",\"position\":1,\"name\":\"Startseite\",\"item\":\"https:\\\/\\\/www.eventfotografen.berlin\\\/en\\\/\"},{\"@type\":\"ListItem\",\"position\":2,\"name\":\"7 Eins\u00e4tze an 3 Tage &#8211; InnoTrans 2022\"}]},{\"@type\":\"WebSite\",\"@id\":\"https:\\\/\\\/www.eventfotografen.berlin\\\/#website\",\"url\":\"https:\\\/\\\/www.eventfotografen.berlin\\\/\",\"name\":\"Eventfotografen Berlin\",\"description\":\"Ihre Profis f\u00fcr Eventfotografie, Konferenzfotografie &amp; Messefotografie\",\"publisher\":{\"@id\":\"https:\\\/\\\/www.eventfotografen.berlin\\\/#organization\"},\"potentialAction\":[{\"@type\":\"SearchAction\",\"target\":{\"@type\":\"EntryPoint\",\"urlTemplate\":\"https:\\\/\\\/www.eventfotografen.berlin\\\/?s={search_term_string}\"},\"query-input\":{\"@type\":\"PropertyValueSpecification\",\"valueRequired\":true,\"valueName\":\"search_term_string\"}}],\"inLanguage\":\"en-US\"},{\"@type\":\"Organization\",\"@id\":\"https:\\\/\\\/www.eventfotografen.berlin\\\/#organization\",\"name\":\"Eventfotografen Berlin\",\"url\":\"https:\\\/\\\/www.eventfotografen.berlin\\\/\",\"logo\":{\"@type\":\"ImageObject\",\"inLanguage\":\"en-US\",\"@id\":\"https:\\\/\\\/www.eventfotografen.berlin\\\/#\\\/schema\\\/logo\\\/image\\\/\",\"url\":\"https:\\\/\\\/www.eventfotografen.berlin\\\/wp-content\\\/uploads\\\/2020\\\/01\\\/web_logo_eventfotografen_berlin_schmal.png\",\"contentUrl\":\"https:\\\/\\\/www.eventfotografen.berlin\\\/wp-content\\\/uploads\\\/2020\\\/01\\\/web_logo_eventfotografen_berlin_schmal.png\",\"width\":300,\"height\":44,\"caption\":\"Eventfotografen Berlin\"},\"image\":{\"@id\":\"https:\\\/\\\/www.eventfotografen.berlin\\\/#\\\/schema\\\/logo\\\/image\\\/\"}},{\"@type\":\"Person\",\"@id\":\"https:\\\/\\\/www.eventfotografen.berlin\\\/#\\\/schema\\\/person\\\/66588b44235e32eeb19b048e4aca5273\",\"name\":\"Konstantin\",\"image\":{\"@type\":\"ImageObject\",\"inLanguage\":\"en-US\",\"@id\":\"https:\\\/\\\/secure.gravatar.com\\\/avatar\\\/62b47dd914b71aa0ecc4944f344fc8d649c5d1b5c226697b6555fc9ee4d60187?s=96&d=mm&r=g\",\"url\":\"https:\\\/\\\/secure.gravatar.com\\\/avatar\\\/62b47dd914b71aa0ecc4944f344fc8d649c5d1b5c226697b6555fc9ee4d60187?s=96&d=mm&r=g\",\"contentUrl\":\"https:\\\/\\\/secure.gravatar.com\\\/avatar\\\/62b47dd914b71aa0ecc4944f344fc8d649c5d1b5c226697b6555fc9ee4d60187?s=96&d=mm&r=g\",\"caption\":\"Konstantin\"}}]}<\/script>\n<!-- \/ Yoast SEO plugin. -->","yoast_head_json":{"title":"7 Eins\u00e4tze an 3 Tage - InnoTrans 2022 - Eventfotografen Berlin","robots":{"index":"index","follow":"follow","max-snippet":"max-snippet:-1","max-image-preview":"max-image-preview:large","max-video-preview":"max-video-preview:-1"},"canonical":"https:\/\/www.eventfotografen.berlin\/2022\/10\/09\/7-einsaetze-an-3-tage-innotrans-2022\/","og_locale":"en_US","og_type":"article","og_title":"7 Eins\u00e4tze an 3 Tage - InnoTrans 2022 - Eventfotografen Berlin","og_description":"Die InnoTrans 2022 geht f\u00fcr uns Eventfotografen mit 7 Eins\u00e4tzen an 3 Messetagen zu Ende. Die InnoTrans ist eine internationale Fachmesse f\u00fcr Verkehrstechnik mit dem Schwerpunkt Schienentechnik auf dem Gel\u00e4nde der Messe Berlin.F\u00fcr 6 verschiedene Kunden hatten wir mit ingesamt 3 Fotografen, 7 Eins\u00e4tze auf und abseits der Messe. Hier ein paar Impressionen unserer Eins\u00e4tze. [&hellip;]","og_url":"https:\/\/www.eventfotografen.berlin\/2022\/10\/09\/7-einsaetze-an-3-tage-innotrans-2022\/","og_site_name":"Eventfotografen Berlin","article_published_time":"2022-10-09T13:52:21+00:00","article_modified_time":"2022-10-09T13:53:44+00:00","og_image":[{"width":1080,"height":675,"url":"https:\/\/www.eventfotografen.berlin\/wp-content\/uploads\/2022\/10\/teaser_innotrans2022.jpg","type":"image\/jpeg"}],"author":"Konstantin","twitter_card":"summary_large_image","twitter_misc":{"Written by":"Konstantin","Est. reading time":"2 minutes"},"schema":{"@context":"https:\/\/schema.org","@graph":[{"@type":"Article","@id":"https:\/\/www.eventfotografen.berlin\/2022\/10\/09\/7-einsaetze-an-3-tage-innotrans-2022\/#article","isPartOf":{"@id":"https:\/\/www.eventfotografen.berlin\/2022\/10\/09\/7-einsaetze-an-3-tage-innotrans-2022\/"},"author":{"name":"Konstantin","@id":"https:\/\/www.eventfotografen.berlin\/#\/schema\/person\/66588b44235e32eeb19b048e4aca5273"},"headline":"7 Eins\u00e4tze an 3 Tage &#8211; InnoTrans 2022","datePublished":"2022-10-09T13:52:21+00:00","dateModified":"2022-10-09T13:53:44+00:00","mainEntityOfPage":{"@id":"https:\/\/www.eventfotografen.berlin\/2022\/10\/09\/7-einsaetze-an-3-tage-innotrans-2022\/"},"wordCount":1021,"commentCount":0,"publisher":{"@id":"https:\/\/www.eventfotografen.berlin\/#organization"},"image":{"@id":"https:\/\/www.eventfotografen.berlin\/2022\/10\/09\/7-einsaetze-an-3-tage-innotrans-2022\/#primaryimage"},"thumbnailUrl":"https:\/\/www.eventfotografen.berlin\/wp-content\/uploads\/2022\/10\/teaser_innotrans2022.jpg","articleSection":["Eventfotografie","Konferenzfotografie","Messefotografie"],"inLanguage":"en-US","potentialAction":[{"@type":"CommentAction","name":"Comment","target":["https:\/\/www.eventfotografen.berlin\/2022\/10\/09\/7-einsaetze-an-3-tage-innotrans-2022\/#respond"]}]},{"@type":"WebPage","@id":"https:\/\/www.eventfotografen.berlin\/2022\/10\/09\/7-einsaetze-an-3-tage-innotrans-2022\/","url":"https:\/\/www.eventfotografen.berlin\/2022\/10\/09\/7-einsaetze-an-3-tage-innotrans-2022\/","name":"7 Eins\u00e4tze an 3 Tage - InnoTrans 2022 - Eventfotografen Berlin","isPartOf":{"@id":"https:\/\/www.eventfotografen.berlin\/#website"},"primaryImageOfPage":{"@id":"https:\/\/www.eventfotografen.berlin\/2022\/10\/09\/7-einsaetze-an-3-tage-innotrans-2022\/#primaryimage"},"image":{"@id":"https:\/\/www.eventfotografen.berlin\/2022\/10\/09\/7-einsaetze-an-3-tage-innotrans-2022\/#primaryimage"},"thumbnailUrl":"https:\/\/www.eventfotografen.berlin\/wp-content\/uploads\/2022\/10\/teaser_innotrans2022.jpg","datePublished":"2022-10-09T13:52:21+00:00","dateModified":"2022-10-09T13:53:44+00:00","breadcrumb":{"@id":"https:\/\/www.eventfotografen.berlin\/2022\/10\/09\/7-einsaetze-an-3-tage-innotrans-2022\/#breadcrumb"},"inLanguage":"en-US","potentialAction":[{"@type":"ReadAction","target":["https:\/\/www.eventfotografen.berlin\/2022\/10\/09\/7-einsaetze-an-3-tage-innotrans-2022\/"]}]},{"@type":"ImageObject","inLanguage":"en-US","@id":"https:\/\/www.eventfotografen.berlin\/2022\/10\/09\/7-einsaetze-an-3-tage-innotrans-2022\/#primaryimage","url":"https:\/\/www.eventfotografen.berlin\/wp-content\/uploads\/2022\/10\/teaser_innotrans2022.jpg","contentUrl":"https:\/\/www.eventfotografen.berlin\/wp-content\/uploads\/2022\/10\/teaser_innotrans2022.jpg","width":1080,"height":675},{"@type":"BreadcrumbList","@id":"https:\/\/www.eventfotografen.berlin\/2022\/10\/09\/7-einsaetze-an-3-tage-innotrans-2022\/#breadcrumb","itemListElement":[{"@type":"ListItem","position":1,"name":"Startseite","item":"https:\/\/www.eventfotografen.berlin\/en\/"},{"@type":"ListItem","position":2,"name":"7 Eins\u00e4tze an 3 Tage &#8211; InnoTrans 2022"}]},{"@type":"WebSite","@id":"https:\/\/www.eventfotografen.berlin\/#website","url":"https:\/\/www.eventfotografen.berlin\/","name":"Eventfotografen Berlin","description":"Ihre Profis f\u00fcr Eventfotografie, Konferenzfotografie &amp; Messefotografie","publisher":{"@id":"https:\/\/www.eventfotografen.berlin\/#organization"},"potentialAction":[{"@type":"SearchAction","target":{"@type":"EntryPoint","urlTemplate":"https:\/\/www.eventfotografen.berlin\/?s={search_term_string}"},"query-input":{"@type":"PropertyValueSpecification","valueRequired":true,"valueName":"search_term_string"}}],"inLanguage":"en-US"},{"@type":"Organization","@id":"https:\/\/www.eventfotografen.berlin\/#organization","name":"Eventfotografen Berlin","url":"https:\/\/www.eventfotografen.berlin\/","logo":{"@type":"ImageObject","inLanguage":"en-US","@id":"https:\/\/www.eventfotografen.berlin\/#\/schema\/logo\/image\/","url":"https:\/\/www.eventfotografen.berlin\/wp-content\/uploads\/2020\/01\/web_logo_eventfotografen_berlin_schmal.png","contentUrl":"https:\/\/www.eventfotografen.berlin\/wp-content\/uploads\/2020\/01\/web_logo_eventfotografen_berlin_schmal.png","width":300,"height":44,"caption":"Eventfotografen Berlin"},"image":{"@id":"https:\/\/www.eventfotografen.berlin\/#\/schema\/logo\/image\/"}},{"@type":"Person","@id":"https:\/\/www.eventfotografen.berlin\/#\/schema\/person\/66588b44235e32eeb19b048e4aca5273","name":"Konstantin","image":{"@type":"ImageObject","inLanguage":"en-US","@id":"https:\/\/secure.gravatar.com\/avatar\/62b47dd914b71aa0ecc4944f344fc8d649c5d1b5c226697b6555fc9ee4d60187?s=96&d=mm&r=g","url":"https:\/\/secure.gravatar.com\/avatar\/62b47dd914b71aa0ecc4944f344fc8d649c5d1b5c226697b6555fc9ee4d60187?s=96&d=mm&r=g","contentUrl":"https:\/\/secure.gravatar.com\/avatar\/62b47dd914b71aa0ecc4944f344fc8d649c5d1b5c226697b6555fc9ee4d60187?s=96&d=mm&r=g","caption":"Konstantin"}}]}},"_links":{"self":[{"href":"https:\/\/www.eventfotografen.berlin\/en\/wp-json\/wp\/v2\/posts\/4141","targetHints":{"allow":["GET"]}}],"collection":[{"href":"https:\/\/www.eventfotografen.berlin\/en\/wp-json\/wp\/v2\/posts"}],"about":[{"href":"https:\/\/www.eventfotografen.berlin\/en\/wp-json\/wp\/v2\/types\/post"}],"author":[{"embeddable":true,"href":"https:\/\/www.eventfotografen.berlin\/en\/wp-json\/wp\/v2\/users\/1"}],"replies":[{"embeddable":true,"href":"https:\/\/www.eventfotografen.berlin\/en\/wp-json\/wp\/v2\/comments?post=4141"}],"version-history":[{"count":7,"href":"https:\/\/www.eventfotografen.berlin\/en\/wp-json\/wp\/v2\/posts\/4141\/revisions"}],"predecessor-version":[{"id":4151,"href":"https:\/\/www.eventfotografen.berlin\/en\/wp-json\/wp\/v2\/posts\/4141\/revisions\/4151"}],"wp:featuredmedia":[{"embeddable":true,"href":"https:\/\/www.eventfotografen.berlin\/en\/wp-json\/wp\/v2\/media\/4145"}],"wp:attachment":[{"href":"https:\/\/www.eventfotografen.berlin\/en\/wp-json\/wp\/v2\/media?parent=4141"}],"wp:term":[{"taxonomy":"category","embeddable":true,"href":"https:\/\/www.eventfotografen.berlin\/en\/wp-json\/wp\/v2\/categories?post=4141"},{"taxonomy":"post_tag","embeddable":true,"href":"https:\/\/www.eventfotografen.berlin\/en\/wp-json\/wp\/v2\/tags?post=4141"},{"taxonomy":"dipi_cpt_category","embeddable":true,"href":"https:\/\/www.eventfotografen.berlin\/en\/wp-json\/wp\/v2\/dipi_cpt_category?post=4141"}],"curies":[{"name":"wp","href":"https:\/\/api.w.org\/{rel}","templated":true}]}}