{"id":3730,"date":"2022-06-09T15:55:20","date_gmt":"2022-06-09T13:55:20","guid":{"rendered":"https:\/\/www.eventfotografen.berlin\/?p=3730"},"modified":"2022-06-09T15:55:20","modified_gmt":"2022-06-09T13:55:20","slug":"ivd-immobilientage-in-bochum","status":"publish","type":"post","link":"https:\/\/www.eventfotografen.berlin\/en\/2022\/06\/09\/ivd-immobilientage-in-bochum\/","title":{"rendered":"IVD Immobilientage in Bochum"},"content":{"rendered":"<p>[et_pb_section fb_built=&#8221;1&#8243; _builder_version=&#8221;4.16&#8243; custom_padding=&#8221;0px|||||&#8221; global_colors_info=&#8221;{}&#8221; theme_builder_area=&#8221;post_content&#8221;][et_pb_row _builder_version=&#8221;4.16&#8243; global_colors_info=&#8221;{}&#8221; theme_builder_area=&#8221;post_content&#8221;][et_pb_column type=&#8221;4_4&#8243; _builder_version=&#8221;4.16&#8243; global_colors_info=&#8221;{}&#8221; theme_builder_area=&#8221;post_content&#8221;][et_pb_text _builder_version=&#8221;4.17.4&#8243; hover_enabled=&#8221;0&#8243; global_colors_info=&#8221;{}&#8221; theme_builder_area=&#8221;post_content&#8221; custom_padding=&#8221;||0px|||&#8221; sticky_enabled=&#8221;0&#8243;]<\/p>\n<p>Die Immobilientage des <a href=\"https:\/\/ivd.net\/\" target=\"_blank\" rel=\"noopener\">Dachverbandes f\u00fcr Makler, Hausverwalter und Sachverst\u00e4ndige \u2013 IVD<\/a> sind immer das Highlight in der Branche. Pandemiebedingt konnten die Immobilientage zum ersten Mal seit 2019 wieder vor gro\u00dfem Publikum stattfinden,<\/p>\n<p>Die <a href=\"https:\/\/www.jahrhunderthalle-bochum.de\/\" target=\"_blank\" rel=\"noopener\">Jahrhunderthalle in Bochum<\/a> war die eindrucksvolle Kulisse f\u00fcr \u00fcber 1300 G\u00e4ste, die den vielen Keynotes und Panels auf 2 B\u00fchnen folgten. Parallel gab dazu gab es in 4 separierten Bereichen Workshops zu Themen der Branche. \u00dcber 60 Aussteller pr\u00e4sentierten sich im gro\u00dfen Netzwerkbereich der Jahrhunderthalle. Durch den ersten Konferenztag f\u00fchrte Tagesschausprecherin <a href=\"https:\/\/www.instagram.com\/judith_rakers\/?hl=de\" target=\"_blank\" rel=\"noopener\">Judith Rakers<\/a>, den zweiten Tag moderierte <a href=\"https:\/\/www.instagram.com\/marco.seiffert\/?hl=de\" target=\"_blank\" rel=\"noopener\">Marco Seiffert<\/a>.<\/p>\n<p>Wir haben die beiden Konferenztage voll begleitet. Unsere Aufgabe war es, sowohl das B\u00fchnenprogramm, als auch die Netzwerksituationen an den Ausstellerst\u00e4nden sowie das Ambiente insgesamt festzuhalten.<\/p>\n<p>[\/et_pb_text][\/et_pb_column][\/et_pb_row][et_pb_row _builder_version=&#8221;4.16&#8243; custom_margin=&#8221;-394px|auto||auto||&#8221; global_colors_info=&#8221;{}&#8221; theme_builder_area=&#8221;post_content&#8221;][et_pb_column type=&#8221;4_4&#8243; _builder_version=&#8221;4.16&#8243; global_colors_info=&#8221;{}&#8221; theme_builder_area=&#8221;post_content&#8221;][et_pb_toggle title=&#8221;Fakten zum Event hier im Detail&#8221; _builder_version=&#8221;4.16&#8243; min_height=&#8221;30px&#8221; custom_margin=&#8221;14px|||||&#8221; custom_padding=&#8221;12px||13px|||&#8221; global_colors_info=&#8221;{}&#8221; theme_builder_area=&#8221;post_content&#8221;]<\/p>\n<p><span>Bereich: Konferenzfotografie \/ Messefotografie \/ Eventfotografie\u00a0<br \/><\/span><span>Begleitungsl\u00e4nge: 20h an 2 Tagen \/ 1 Fotograf<br \/>Format: Konferenz mit Messe<br \/>Ort: Jahrhunderthalle Bochum<br \/>G\u00e4ste: 1300<\/span><\/p>\n<p>[\/et_pb_toggle][et_pb_gallery gallery_ids=&#8221;3558,3560,3562,3564,3566,3568,3570,3572,3574,3576,3578,3580,3582,3584,3586,3588,3590,3592,3594,3596,3598,3600,3602,3604,3606,3608,3610,3612,3614,3616,3618,3620,3622,3624,3626,3628,3630,3632,3634,3636,3638,3640,3642,3644,3646,3648,3650,3652,3654,3656,3658,3660,3662,3664,3666,3668,3670,3672,3674,3676,3678,3680,3682,3684,3686,3688,3690,3692,3694,3696,3698,3700,3702,3704,3706,3708,3710,3712,3714,3716,3718,3720,3722,3724,3726,3728&#8243; posts_number=&#8221;28&#8243; show_title_and_caption=&#8221;off&#8221; _builder_version=&#8221;4.17.4&#8243; custom_margin=&#8221;32px||-25px|||&#8221; custom_padding=&#8221;||0px|||&#8221; hover_enabled=&#8221;0&#8243; global_colors_info=&#8221;{}&#8221; theme_builder_area=&#8221;post_content&#8221; sticky_enabled=&#8221;0&#8243;][\/et_pb_gallery][et_pb_post_nav _builder_version=&#8221;4.16&#8243; min_height=&#8221;6px&#8221; custom_margin=&#8221;-23px|||||&#8221; custom_padding=&#8221;0px|||||&#8221; global_colors_info=&#8221;{}&#8221; theme_builder_area=&#8221;post_content&#8221;][\/et_pb_post_nav][\/et_pb_column][\/et_pb_row][\/et_pb_section]<\/p>\n","protected":false},"excerpt":{"rendered":"<p>Die Immobilientage des Dachverbandes f\u00fcr Makler, Hausverwalter und Sachverst\u00e4ndige \u2013 IVD sind immer das Highlight in der Branche. Pandemiebedingt konnten die Immobilientage zum ersten Mal seit 2019 wieder vor gro\u00dfem Publikum stattfinden, Die Jahrhunderthalle in Bochum war die eindrucksvolle Kulisse f\u00fcr \u00fcber 1300 G\u00e4ste, die den vielen Keynotes und Panels auf 2 B\u00fchnen folgten. Parallel [&hellip;]<\/p>\n","protected":false},"author":1,"featured_media":3622,"comment_status":"open","ping_status":"open","sticky":false,"template":"","format":"image","meta":{"_et_pb_use_builder":"on","_et_pb_old_content":"","_et_gb_content_width":"1080","footnotes":""},"categories":[3,4,5],"tags":[],"dipi_cpt_category":[],"class_list":["post-3730","post","type-post","status-publish","format-image","has-post-thumbnail","hentry","category-eventfotografie","category-konferenzfotografie","category-messefotografie","post_format-post-format-image"],"yoast_head":"<!-- This site is optimized with the Yoast SEO plugin v27.5 - https:\/\/yoast.com\/product\/yoast-seo-wordpress\/ -->\n<title>IVD Immobilientage in Bochum - Eventfotografen Berlin<\/title>\n<meta name=\"robots\" content=\"index, follow, max-snippet:-1, max-image-preview:large, max-video-preview:-1\" \/>\n<link rel=\"canonical\" href=\"https:\/\/www.eventfotografen.berlin\/2022\/06\/09\/ivd-immobilientage-in-bochum\/\" \/>\n<meta property=\"og:locale\" content=\"en_US\" \/>\n<meta property=\"og:type\" content=\"article\" \/>\n<meta property=\"og:title\" content=\"IVD Immobilientage in Bochum - Eventfotografen Berlin\" \/>\n<meta property=\"og:description\" content=\"Die Immobilientage des Dachverbandes f\u00fcr Makler, Hausverwalter und Sachverst\u00e4ndige \u2013 IVD sind immer das Highlight in der Branche. Pandemiebedingt konnten die Immobilientage zum ersten Mal seit 2019 wieder vor gro\u00dfem Publikum stattfinden, Die Jahrhunderthalle in Bochum war die eindrucksvolle Kulisse f\u00fcr \u00fcber 1300 G\u00e4ste, die den vielen Keynotes und Panels auf 2 B\u00fchnen folgten. Parallel [&hellip;]\" \/>\n<meta property=\"og:url\" content=\"https:\/\/www.eventfotografen.berlin\/2022\/06\/09\/ivd-immobilientage-in-bochum\/\" \/>\n<meta property=\"og:site_name\" content=\"Eventfotografen Berlin\" \/>\n<meta property=\"article:published_time\" content=\"2022-06-09T13:55:20+00:00\" \/>\n<meta property=\"og:image\" content=\"https:\/\/www.eventfotografen.berlin\/wp-content\/uploads\/2022\/06\/ivd-immobilientage-bochum-2022-jahrhunderthalle_33.jpg\" \/>\n\t<meta property=\"og:image:width\" content=\"1200\" \/>\n\t<meta property=\"og:image:height\" content=\"800\" \/>\n\t<meta property=\"og:image:type\" content=\"image\/jpeg\" \/>\n<meta name=\"author\" content=\"Konstantin\" \/>\n<meta name=\"twitter:card\" content=\"summary_large_image\" \/>\n<meta name=\"twitter:label1\" content=\"Written by\" \/>\n\t<meta name=\"twitter:data1\" content=\"Konstantin\" \/>\n<script type=\"application\/ld+json\" class=\"yoast-schema-graph\">{\"@context\":\"https:\\\/\\\/schema.org\",\"@graph\":[{\"@type\":\"Article\",\"@id\":\"https:\\\/\\\/www.eventfotografen.berlin\\\/2022\\\/06\\\/09\\\/ivd-immobilientage-in-bochum\\\/#article\",\"isPartOf\":{\"@id\":\"https:\\\/\\\/www.eventfotografen.berlin\\\/2022\\\/06\\\/09\\\/ivd-immobilientage-in-bochum\\\/\"},\"author\":{\"name\":\"Konstantin\",\"@id\":\"https:\\\/\\\/www.eventfotografen.berlin\\\/#\\\/schema\\\/person\\\/66588b44235e32eeb19b048e4aca5273\"},\"headline\":\"IVD Immobilientage in Bochum\",\"datePublished\":\"2022-06-09T13:55:20+00:00\",\"mainEntityOfPage\":{\"@id\":\"https:\\\/\\\/www.eventfotografen.berlin\\\/2022\\\/06\\\/09\\\/ivd-immobilientage-in-bochum\\\/\"},\"wordCount\":357,\"commentCount\":0,\"publisher\":{\"@id\":\"https:\\\/\\\/www.eventfotografen.berlin\\\/#organization\"},\"image\":{\"@id\":\"https:\\\/\\\/www.eventfotografen.berlin\\\/2022\\\/06\\\/09\\\/ivd-immobilientage-in-bochum\\\/#primaryimage\"},\"thumbnailUrl\":\"https:\\\/\\\/www.eventfotografen.berlin\\\/wp-content\\\/uploads\\\/2022\\\/06\\\/ivd-immobilientage-bochum-2022-jahrhunderthalle_33.jpg\",\"articleSection\":[\"Eventfotografie\",\"Konferenzfotografie\",\"Messefotografie\"],\"inLanguage\":\"en-US\",\"potentialAction\":[{\"@type\":\"CommentAction\",\"name\":\"Comment\",\"target\":[\"https:\\\/\\\/www.eventfotografen.berlin\\\/2022\\\/06\\\/09\\\/ivd-immobilientage-in-bochum\\\/#respond\"]}]},{\"@type\":\"WebPage\",\"@id\":\"https:\\\/\\\/www.eventfotografen.berlin\\\/2022\\\/06\\\/09\\\/ivd-immobilientage-in-bochum\\\/\",\"url\":\"https:\\\/\\\/www.eventfotografen.berlin\\\/2022\\\/06\\\/09\\\/ivd-immobilientage-in-bochum\\\/\",\"name\":\"IVD Immobilientage in Bochum - Eventfotografen Berlin\",\"isPartOf\":{\"@id\":\"https:\\\/\\\/www.eventfotografen.berlin\\\/#website\"},\"primaryImageOfPage\":{\"@id\":\"https:\\\/\\\/www.eventfotografen.berlin\\\/2022\\\/06\\\/09\\\/ivd-immobilientage-in-bochum\\\/#primaryimage\"},\"image\":{\"@id\":\"https:\\\/\\\/www.eventfotografen.berlin\\\/2022\\\/06\\\/09\\\/ivd-immobilientage-in-bochum\\\/#primaryimage\"},\"thumbnailUrl\":\"https:\\\/\\\/www.eventfotografen.berlin\\\/wp-content\\\/uploads\\\/2022\\\/06\\\/ivd-immobilientage-bochum-2022-jahrhunderthalle_33.jpg\",\"datePublished\":\"2022-06-09T13:55:20+00:00\",\"breadcrumb\":{\"@id\":\"https:\\\/\\\/www.eventfotografen.berlin\\\/2022\\\/06\\\/09\\\/ivd-immobilientage-in-bochum\\\/#breadcrumb\"},\"inLanguage\":\"en-US\",\"potentialAction\":[{\"@type\":\"ReadAction\",\"target\":[\"https:\\\/\\\/www.eventfotografen.berlin\\\/2022\\\/06\\\/09\\\/ivd-immobilientage-in-bochum\\\/\"]}]},{\"@type\":\"ImageObject\",\"inLanguage\":\"en-US\",\"@id\":\"https:\\\/\\\/www.eventfotografen.berlin\\\/2022\\\/06\\\/09\\\/ivd-immobilientage-in-bochum\\\/#primaryimage\",\"url\":\"https:\\\/\\\/www.eventfotografen.berlin\\\/wp-content\\\/uploads\\\/2022\\\/06\\\/ivd-immobilientage-bochum-2022-jahrhunderthalle_33.jpg\",\"contentUrl\":\"https:\\\/\\\/www.eventfotografen.berlin\\\/wp-content\\\/uploads\\\/2022\\\/06\\\/ivd-immobilientage-bochum-2022-jahrhunderthalle_33.jpg\",\"width\":1200,\"height\":800},{\"@type\":\"BreadcrumbList\",\"@id\":\"https:\\\/\\\/www.eventfotografen.berlin\\\/2022\\\/06\\\/09\\\/ivd-immobilientage-in-bochum\\\/#breadcrumb\",\"itemListElement\":[{\"@type\":\"ListItem\",\"position\":1,\"name\":\"Startseite\",\"item\":\"https:\\\/\\\/www.eventfotografen.berlin\\\/en\\\/\"},{\"@type\":\"ListItem\",\"position\":2,\"name\":\"IVD Immobilientage in Bochum\"}]},{\"@type\":\"WebSite\",\"@id\":\"https:\\\/\\\/www.eventfotografen.berlin\\\/#website\",\"url\":\"https:\\\/\\\/www.eventfotografen.berlin\\\/\",\"name\":\"Eventfotografen Berlin\",\"description\":\"Ihre Profis f\u00fcr Eventfotografie, Konferenzfotografie &amp; Messefotografie\",\"publisher\":{\"@id\":\"https:\\\/\\\/www.eventfotografen.berlin\\\/#organization\"},\"potentialAction\":[{\"@type\":\"SearchAction\",\"target\":{\"@type\":\"EntryPoint\",\"urlTemplate\":\"https:\\\/\\\/www.eventfotografen.berlin\\\/?s={search_term_string}\"},\"query-input\":{\"@type\":\"PropertyValueSpecification\",\"valueRequired\":true,\"valueName\":\"search_term_string\"}}],\"inLanguage\":\"en-US\"},{\"@type\":\"Organization\",\"@id\":\"https:\\\/\\\/www.eventfotografen.berlin\\\/#organization\",\"name\":\"Eventfotografen Berlin\",\"url\":\"https:\\\/\\\/www.eventfotografen.berlin\\\/\",\"logo\":{\"@type\":\"ImageObject\",\"inLanguage\":\"en-US\",\"@id\":\"https:\\\/\\\/www.eventfotografen.berlin\\\/#\\\/schema\\\/logo\\\/image\\\/\",\"url\":\"https:\\\/\\\/www.eventfotografen.berlin\\\/wp-content\\\/uploads\\\/2020\\\/01\\\/web_logo_eventfotografen_berlin_schmal.png\",\"contentUrl\":\"https:\\\/\\\/www.eventfotografen.berlin\\\/wp-content\\\/uploads\\\/2020\\\/01\\\/web_logo_eventfotografen_berlin_schmal.png\",\"width\":300,\"height\":44,\"caption\":\"Eventfotografen Berlin\"},\"image\":{\"@id\":\"https:\\\/\\\/www.eventfotografen.berlin\\\/#\\\/schema\\\/logo\\\/image\\\/\"}},{\"@type\":\"Person\",\"@id\":\"https:\\\/\\\/www.eventfotografen.berlin\\\/#\\\/schema\\\/person\\\/66588b44235e32eeb19b048e4aca5273\",\"name\":\"Konstantin\",\"image\":{\"@type\":\"ImageObject\",\"inLanguage\":\"en-US\",\"@id\":\"https:\\\/\\\/secure.gravatar.com\\\/avatar\\\/62b47dd914b71aa0ecc4944f344fc8d649c5d1b5c226697b6555fc9ee4d60187?s=96&d=mm&r=g\",\"url\":\"https:\\\/\\\/secure.gravatar.com\\\/avatar\\\/62b47dd914b71aa0ecc4944f344fc8d649c5d1b5c226697b6555fc9ee4d60187?s=96&d=mm&r=g\",\"contentUrl\":\"https:\\\/\\\/secure.gravatar.com\\\/avatar\\\/62b47dd914b71aa0ecc4944f344fc8d649c5d1b5c226697b6555fc9ee4d60187?s=96&d=mm&r=g\",\"caption\":\"Konstantin\"}}]}<\/script>\n<!-- \/ Yoast SEO plugin. -->","yoast_head_json":{"title":"IVD Immobilientage in Bochum - Eventfotografen Berlin","robots":{"index":"index","follow":"follow","max-snippet":"max-snippet:-1","max-image-preview":"max-image-preview:large","max-video-preview":"max-video-preview:-1"},"canonical":"https:\/\/www.eventfotografen.berlin\/2022\/06\/09\/ivd-immobilientage-in-bochum\/","og_locale":"en_US","og_type":"article","og_title":"IVD Immobilientage in Bochum - Eventfotografen Berlin","og_description":"Die Immobilientage des Dachverbandes f\u00fcr Makler, Hausverwalter und Sachverst\u00e4ndige \u2013 IVD sind immer das Highlight in der Branche. Pandemiebedingt konnten die Immobilientage zum ersten Mal seit 2019 wieder vor gro\u00dfem Publikum stattfinden, Die Jahrhunderthalle in Bochum war die eindrucksvolle Kulisse f\u00fcr \u00fcber 1300 G\u00e4ste, die den vielen Keynotes und Panels auf 2 B\u00fchnen folgten. Parallel [&hellip;]","og_url":"https:\/\/www.eventfotografen.berlin\/2022\/06\/09\/ivd-immobilientage-in-bochum\/","og_site_name":"Eventfotografen Berlin","article_published_time":"2022-06-09T13:55:20+00:00","og_image":[{"width":1200,"height":800,"url":"https:\/\/www.eventfotografen.berlin\/wp-content\/uploads\/2022\/06\/ivd-immobilientage-bochum-2022-jahrhunderthalle_33.jpg","type":"image\/jpeg"}],"author":"Konstantin","twitter_card":"summary_large_image","twitter_misc":{"Written by":"Konstantin"},"schema":{"@context":"https:\/\/schema.org","@graph":[{"@type":"Article","@id":"https:\/\/www.eventfotografen.berlin\/2022\/06\/09\/ivd-immobilientage-in-bochum\/#article","isPartOf":{"@id":"https:\/\/www.eventfotografen.berlin\/2022\/06\/09\/ivd-immobilientage-in-bochum\/"},"author":{"name":"Konstantin","@id":"https:\/\/www.eventfotografen.berlin\/#\/schema\/person\/66588b44235e32eeb19b048e4aca5273"},"headline":"IVD Immobilientage in Bochum","datePublished":"2022-06-09T13:55:20+00:00","mainEntityOfPage":{"@id":"https:\/\/www.eventfotografen.berlin\/2022\/06\/09\/ivd-immobilientage-in-bochum\/"},"wordCount":357,"commentCount":0,"publisher":{"@id":"https:\/\/www.eventfotografen.berlin\/#organization"},"image":{"@id":"https:\/\/www.eventfotografen.berlin\/2022\/06\/09\/ivd-immobilientage-in-bochum\/#primaryimage"},"thumbnailUrl":"https:\/\/www.eventfotografen.berlin\/wp-content\/uploads\/2022\/06\/ivd-immobilientage-bochum-2022-jahrhunderthalle_33.jpg","articleSection":["Eventfotografie","Konferenzfotografie","Messefotografie"],"inLanguage":"en-US","potentialAction":[{"@type":"CommentAction","name":"Comment","target":["https:\/\/www.eventfotografen.berlin\/2022\/06\/09\/ivd-immobilientage-in-bochum\/#respond"]}]},{"@type":"WebPage","@id":"https:\/\/www.eventfotografen.berlin\/2022\/06\/09\/ivd-immobilientage-in-bochum\/","url":"https:\/\/www.eventfotografen.berlin\/2022\/06\/09\/ivd-immobilientage-in-bochum\/","name":"IVD Immobilientage in Bochum - Eventfotografen Berlin","isPartOf":{"@id":"https:\/\/www.eventfotografen.berlin\/#website"},"primaryImageOfPage":{"@id":"https:\/\/www.eventfotografen.berlin\/2022\/06\/09\/ivd-immobilientage-in-bochum\/#primaryimage"},"image":{"@id":"https:\/\/www.eventfotografen.berlin\/2022\/06\/09\/ivd-immobilientage-in-bochum\/#primaryimage"},"thumbnailUrl":"https:\/\/www.eventfotografen.berlin\/wp-content\/uploads\/2022\/06\/ivd-immobilientage-bochum-2022-jahrhunderthalle_33.jpg","datePublished":"2022-06-09T13:55:20+00:00","breadcrumb":{"@id":"https:\/\/www.eventfotografen.berlin\/2022\/06\/09\/ivd-immobilientage-in-bochum\/#breadcrumb"},"inLanguage":"en-US","potentialAction":[{"@type":"ReadAction","target":["https:\/\/www.eventfotografen.berlin\/2022\/06\/09\/ivd-immobilientage-in-bochum\/"]}]},{"@type":"ImageObject","inLanguage":"en-US","@id":"https:\/\/www.eventfotografen.berlin\/2022\/06\/09\/ivd-immobilientage-in-bochum\/#primaryimage","url":"https:\/\/www.eventfotografen.berlin\/wp-content\/uploads\/2022\/06\/ivd-immobilientage-bochum-2022-jahrhunderthalle_33.jpg","contentUrl":"https:\/\/www.eventfotografen.berlin\/wp-content\/uploads\/2022\/06\/ivd-immobilientage-bochum-2022-jahrhunderthalle_33.jpg","width":1200,"height":800},{"@type":"BreadcrumbList","@id":"https:\/\/www.eventfotografen.berlin\/2022\/06\/09\/ivd-immobilientage-in-bochum\/#breadcrumb","itemListElement":[{"@type":"ListItem","position":1,"name":"Startseite","item":"https:\/\/www.eventfotografen.berlin\/en\/"},{"@type":"ListItem","position":2,"name":"IVD Immobilientage in Bochum"}]},{"@type":"WebSite","@id":"https:\/\/www.eventfotografen.berlin\/#website","url":"https:\/\/www.eventfotografen.berlin\/","name":"Eventfotografen Berlin","description":"Ihre Profis f\u00fcr Eventfotografie, Konferenzfotografie &amp; Messefotografie","publisher":{"@id":"https:\/\/www.eventfotografen.berlin\/#organization"},"potentialAction":[{"@type":"SearchAction","target":{"@type":"EntryPoint","urlTemplate":"https:\/\/www.eventfotografen.berlin\/?s={search_term_string}"},"query-input":{"@type":"PropertyValueSpecification","valueRequired":true,"valueName":"search_term_string"}}],"inLanguage":"en-US"},{"@type":"Organization","@id":"https:\/\/www.eventfotografen.berlin\/#organization","name":"Eventfotografen Berlin","url":"https:\/\/www.eventfotografen.berlin\/","logo":{"@type":"ImageObject","inLanguage":"en-US","@id":"https:\/\/www.eventfotografen.berlin\/#\/schema\/logo\/image\/","url":"https:\/\/www.eventfotografen.berlin\/wp-content\/uploads\/2020\/01\/web_logo_eventfotografen_berlin_schmal.png","contentUrl":"https:\/\/www.eventfotografen.berlin\/wp-content\/uploads\/2020\/01\/web_logo_eventfotografen_berlin_schmal.png","width":300,"height":44,"caption":"Eventfotografen Berlin"},"image":{"@id":"https:\/\/www.eventfotografen.berlin\/#\/schema\/logo\/image\/"}},{"@type":"Person","@id":"https:\/\/www.eventfotografen.berlin\/#\/schema\/person\/66588b44235e32eeb19b048e4aca5273","name":"Konstantin","image":{"@type":"ImageObject","inLanguage":"en-US","@id":"https:\/\/secure.gravatar.com\/avatar\/62b47dd914b71aa0ecc4944f344fc8d649c5d1b5c226697b6555fc9ee4d60187?s=96&d=mm&r=g","url":"https:\/\/secure.gravatar.com\/avatar\/62b47dd914b71aa0ecc4944f344fc8d649c5d1b5c226697b6555fc9ee4d60187?s=96&d=mm&r=g","contentUrl":"https:\/\/secure.gravatar.com\/avatar\/62b47dd914b71aa0ecc4944f344fc8d649c5d1b5c226697b6555fc9ee4d60187?s=96&d=mm&r=g","caption":"Konstantin"}}]}},"_links":{"self":[{"href":"https:\/\/www.eventfotografen.berlin\/en\/wp-json\/wp\/v2\/posts\/3730","targetHints":{"allow":["GET"]}}],"collection":[{"href":"https:\/\/www.eventfotografen.berlin\/en\/wp-json\/wp\/v2\/posts"}],"about":[{"href":"https:\/\/www.eventfotografen.berlin\/en\/wp-json\/wp\/v2\/types\/post"}],"author":[{"embeddable":true,"href":"https:\/\/www.eventfotografen.berlin\/en\/wp-json\/wp\/v2\/users\/1"}],"replies":[{"embeddable":true,"href":"https:\/\/www.eventfotografen.berlin\/en\/wp-json\/wp\/v2\/comments?post=3730"}],"version-history":[{"count":2,"href":"https:\/\/www.eventfotografen.berlin\/en\/wp-json\/wp\/v2\/posts\/3730\/revisions"}],"predecessor-version":[{"id":3733,"href":"https:\/\/www.eventfotografen.berlin\/en\/wp-json\/wp\/v2\/posts\/3730\/revisions\/3733"}],"wp:featuredmedia":[{"embeddable":true,"href":"https:\/\/www.eventfotografen.berlin\/en\/wp-json\/wp\/v2\/media\/3622"}],"wp:attachment":[{"href":"https:\/\/www.eventfotografen.berlin\/en\/wp-json\/wp\/v2\/media?parent=3730"}],"wp:term":[{"taxonomy":"category","embeddable":true,"href":"https:\/\/www.eventfotografen.berlin\/en\/wp-json\/wp\/v2\/categories?post=3730"},{"taxonomy":"post_tag","embeddable":true,"href":"https:\/\/www.eventfotografen.berlin\/en\/wp-json\/wp\/v2\/tags?post=3730"},{"taxonomy":"dipi_cpt_category","embeddable":true,"href":"https:\/\/www.eventfotografen.berlin\/en\/wp-json\/wp\/v2\/dipi_cpt_category?post=3730"}],"curies":[{"name":"wp","href":"https:\/\/api.w.org\/{rel}","templated":true}]}}