{"id":3218,"date":"2020-08-09T16:20:00","date_gmt":"2020-08-09T14:20:00","guid":{"rendered":"https:\/\/www.eventfotografen.berlin\/?p=3218"},"modified":"2020-08-09T16:24:34","modified_gmt":"2020-08-09T14:24:34","slug":"gruendungsfestakt-der-engagementstiftung-in-neustrelitzin","status":"publish","type":"post","link":"https:\/\/www.eventfotografen.berlin\/en\/2020\/08\/09\/gruendungsfestakt-der-engagementstiftung-in-neustrelitzin\/","title":{"rendered":"Gr\u00fcndungsfestakt der Engagementstiftung in Neustrelitz"},"content":{"rendered":"\n[et_pb_section fb_built=&#8221;1&#8243; _builder_version=&#8221;4.0.11&#8243; custom_padding=&#8221;0px|||||&#8221;][et_pb_row _builder_version=&#8221;4.0.11&#8243;][et_pb_column type=&#8221;4_4&#8243; _builder_version=&#8221;4.0.11&#8243;][et_pb_text _builder_version=&#8221;4.5.5&#8243; hover_enabled=&#8221;0&#8243;]<p>Seit Mitte diesen Jahres haben wir einen Rahmenvertrag mit dem Bundesministerium f\u00fcr\u00a0<span>Familie, Senioren, Frauen und Jugend. Unser &#8220;Auftaktevent&#8221; als Fotografen war der feierliche Gr\u00fcndungsfestakt der Stiftung f\u00fcr Engagement und Ehrenamt am 23. Juni 2020 in Neustrelitz.<\/span><\/p>\n<p>Wir haben die Bundesministerin f\u00fcr Familie, Senioren, Frauen und Jugend, Frau Dr. Franziska Giffey auf diesem Termin begleitet. Die Gr\u00fcndungsurkunde wurde neben Frau Dr. Giffey des weiteren vom<span>\u00a0Staatssekret\u00e4r im Bundesministerium des Innern, f\u00fcr Bau und Heimat, Dr. Markus Kerber, und der Bundesminiterin f\u00fcr Ern\u00e4hrung und Landwirtschaft, Julia Kl\u00f6ckner, unterzeichnet.<\/span><\/p>\n<p>Unsere Aufgabe war es, den Festakt\u00a0f\u00fcr das Bundesministerium f\u00fcr Familie, Senioren, Frauen und Jugend fotografisch zu dokumentieren.\u00a0<\/p>\n[\/et_pb_text][\/et_pb_column][\/et_pb_row][et_pb_row _builder_version=&#8221;4.0.11&#8243; custom_margin=&#8221;-394px|auto||auto||&#8221;][et_pb_column type=&#8221;4_4&#8243; _builder_version=&#8221;4.0.11&#8243;][et_pb_toggle title=&#8221;Fakten zum Event hier im Detail&#8221; _builder_version=&#8221;4.2.2&#8243; min_height=&#8221;30px&#8221; custom_margin=&#8221;14px|||||&#8221; custom_padding=&#8221;12px||13px|||&#8221;]<p><span>Bereich: Eventfotografie\u00a0<br \/> <\/span><span>Begleitungsl\u00e4nge: 4h \/ 1 Fotograf<br \/> Format: Festakt<br \/> Ort: Neustrelitz<br \/> G\u00e4ste: 50 G\u00e4ste vor Ort<\/span><\/p>[\/et_pb_toggle][et_pb_gallery gallery_ids=&#8221;3166,3168,3170,3172,3174,3176,3178,3180,3182,3184,3186,3188,3190,3192,3194,3196,3198,3200,3202,3204,3206,3208,3210,3212,3214,3216&#8243; posts_number=&#8221;28&#8243; show_title_and_caption=&#8221;off&#8221; _builder_version=&#8221;4.5.5&#8243; custom_margin=&#8221;32px||-25px|||&#8221; custom_padding=&#8221;||0px|||&#8221; hover_enabled=&#8221;0&#8243;][\/et_pb_gallery][et_pb_post_nav _builder_version=&#8221;4.0.11&#8243; min_height=&#8221;6px&#8221; custom_margin=&#8221;-23px|||||&#8221; custom_padding=&#8221;0px|||||&#8221;][\/et_pb_post_nav][\/et_pb_column][\/et_pb_row][\/et_pb_section]\n","protected":false},"excerpt":{"rendered":"<p>Seit Mitte diesen Jahres haben wir einen Rahmenvertrag mit dem Bundesministerium f\u00fcr\u00a0Familie, Senioren, Frauen und Jugend. Unser &#8220;Auftaktevent&#8221; als Fotografen war der feierliche Gr\u00fcndungsfestakt der Stiftung f\u00fcr Engagement und Ehrenamt am 23. Juni 2020 in Neustrelitz. Wir haben die Bundesministerin f\u00fcr Familie, Senioren, Frauen und Jugend, Frau Dr. Franziska Giffey auf diesem Termin begleitet. Die [&hellip;]<\/p>\n","protected":false},"author":1,"featured_media":3190,"comment_status":"open","ping_status":"open","sticky":false,"template":"","format":"image","meta":{"_et_pb_use_builder":"on","_et_pb_old_content":"","_et_gb_content_width":"1080","footnotes":""},"categories":[3],"tags":[],"dipi_cpt_category":[],"class_list":["post-3218","post","type-post","status-publish","format-image","has-post-thumbnail","hentry","category-eventfotografie","post_format-post-format-image"],"yoast_head":"<!-- This site is optimized with the Yoast SEO plugin v27.5 - https:\/\/yoast.com\/product\/yoast-seo-wordpress\/ -->\n<title>Gr\u00fcndungsfestakt der Engagementstiftung in Neustrelitz - Eventfotografen Berlin<\/title>\n<meta name=\"robots\" content=\"index, follow, max-snippet:-1, max-image-preview:large, max-video-preview:-1\" \/>\n<link rel=\"canonical\" href=\"https:\/\/www.eventfotografen.berlin\/2020\/08\/09\/gruendungsfestakt-der-engagementstiftung-in-neustrelitzin\/\" \/>\n<meta property=\"og:locale\" content=\"en_US\" \/>\n<meta property=\"og:type\" content=\"article\" \/>\n<meta property=\"og:title\" content=\"Gr\u00fcndungsfestakt der Engagementstiftung in Neustrelitz - Eventfotografen Berlin\" \/>\n<meta property=\"og:description\" content=\"Seit Mitte diesen Jahres haben wir einen Rahmenvertrag mit dem Bundesministerium f\u00fcr\u00a0Familie, Senioren, Frauen und Jugend. Unser &quot;Auftaktevent&quot; als Fotografen war der feierliche Gr\u00fcndungsfestakt der Stiftung f\u00fcr Engagement und Ehrenamt am 23. Juni 2020 in Neustrelitz. Wir haben die Bundesministerin f\u00fcr Familie, Senioren, Frauen und Jugend, Frau Dr. Franziska Giffey auf diesem Termin begleitet. Die [&hellip;]\" \/>\n<meta property=\"og:url\" content=\"https:\/\/www.eventfotografen.berlin\/2020\/08\/09\/gruendungsfestakt-der-engagementstiftung-in-neustrelitzin\/\" \/>\n<meta property=\"og:site_name\" content=\"Eventfotografen Berlin\" \/>\n<meta property=\"article:published_time\" content=\"2020-08-09T14:20:00+00:00\" \/>\n<meta property=\"article:modified_time\" content=\"2020-08-09T14:24:34+00:00\" \/>\n<meta property=\"og:image\" content=\"https:\/\/www.eventfotografen.berlin\/wp-content\/uploads\/2020\/08\/Engagementstiftung_Gruendungsfestakt_in_Neustrelitz_13.jpg\" \/>\n\t<meta property=\"og:image:width\" content=\"2000\" \/>\n\t<meta property=\"og:image:height\" content=\"1331\" \/>\n\t<meta property=\"og:image:type\" content=\"image\/jpeg\" \/>\n<meta name=\"author\" content=\"Konstantin\" \/>\n<meta name=\"twitter:card\" content=\"summary_large_image\" \/>\n<meta name=\"twitter:label1\" content=\"Written by\" \/>\n\t<meta name=\"twitter:data1\" content=\"Konstantin\" \/>\n\t<meta name=\"twitter:label2\" content=\"Est. reading time\" \/>\n\t<meta name=\"twitter:data2\" content=\"1 minute\" \/>\n<script type=\"application\/ld+json\" class=\"yoast-schema-graph\">{\"@context\":\"https:\\\/\\\/schema.org\",\"@graph\":[{\"@type\":\"Article\",\"@id\":\"https:\\\/\\\/www.eventfotografen.berlin\\\/2020\\\/08\\\/09\\\/gruendungsfestakt-der-engagementstiftung-in-neustrelitzin\\\/#article\",\"isPartOf\":{\"@id\":\"https:\\\/\\\/www.eventfotografen.berlin\\\/2020\\\/08\\\/09\\\/gruendungsfestakt-der-engagementstiftung-in-neustrelitzin\\\/\"},\"author\":{\"name\":\"Konstantin\",\"@id\":\"https:\\\/\\\/www.eventfotografen.berlin\\\/#\\\/schema\\\/person\\\/66588b44235e32eeb19b048e4aca5273\"},\"headline\":\"Gr\u00fcndungsfestakt der Engagementstiftung in Neustrelitz\",\"datePublished\":\"2020-08-09T14:20:00+00:00\",\"dateModified\":\"2020-08-09T14:24:34+00:00\",\"mainEntityOfPage\":{\"@id\":\"https:\\\/\\\/www.eventfotografen.berlin\\\/2020\\\/08\\\/09\\\/gruendungsfestakt-der-engagementstiftung-in-neustrelitzin\\\/\"},\"wordCount\":272,\"commentCount\":0,\"publisher\":{\"@id\":\"https:\\\/\\\/www.eventfotografen.berlin\\\/#organization\"},\"image\":{\"@id\":\"https:\\\/\\\/www.eventfotografen.berlin\\\/2020\\\/08\\\/09\\\/gruendungsfestakt-der-engagementstiftung-in-neustrelitzin\\\/#primaryimage\"},\"thumbnailUrl\":\"https:\\\/\\\/www.eventfotografen.berlin\\\/wp-content\\\/uploads\\\/2020\\\/08\\\/Engagementstiftung_Gruendungsfestakt_in_Neustrelitz_13.jpg\",\"articleSection\":[\"Eventfotografie\"],\"inLanguage\":\"en-US\",\"potentialAction\":[{\"@type\":\"CommentAction\",\"name\":\"Comment\",\"target\":[\"https:\\\/\\\/www.eventfotografen.berlin\\\/2020\\\/08\\\/09\\\/gruendungsfestakt-der-engagementstiftung-in-neustrelitzin\\\/#respond\"]}]},{\"@type\":\"WebPage\",\"@id\":\"https:\\\/\\\/www.eventfotografen.berlin\\\/2020\\\/08\\\/09\\\/gruendungsfestakt-der-engagementstiftung-in-neustrelitzin\\\/\",\"url\":\"https:\\\/\\\/www.eventfotografen.berlin\\\/2020\\\/08\\\/09\\\/gruendungsfestakt-der-engagementstiftung-in-neustrelitzin\\\/\",\"name\":\"Gr\u00fcndungsfestakt der Engagementstiftung in Neustrelitz - Eventfotografen Berlin\",\"isPartOf\":{\"@id\":\"https:\\\/\\\/www.eventfotografen.berlin\\\/#website\"},\"primaryImageOfPage\":{\"@id\":\"https:\\\/\\\/www.eventfotografen.berlin\\\/2020\\\/08\\\/09\\\/gruendungsfestakt-der-engagementstiftung-in-neustrelitzin\\\/#primaryimage\"},\"image\":{\"@id\":\"https:\\\/\\\/www.eventfotografen.berlin\\\/2020\\\/08\\\/09\\\/gruendungsfestakt-der-engagementstiftung-in-neustrelitzin\\\/#primaryimage\"},\"thumbnailUrl\":\"https:\\\/\\\/www.eventfotografen.berlin\\\/wp-content\\\/uploads\\\/2020\\\/08\\\/Engagementstiftung_Gruendungsfestakt_in_Neustrelitz_13.jpg\",\"datePublished\":\"2020-08-09T14:20:00+00:00\",\"dateModified\":\"2020-08-09T14:24:34+00:00\",\"breadcrumb\":{\"@id\":\"https:\\\/\\\/www.eventfotografen.berlin\\\/2020\\\/08\\\/09\\\/gruendungsfestakt-der-engagementstiftung-in-neustrelitzin\\\/#breadcrumb\"},\"inLanguage\":\"en-US\",\"potentialAction\":[{\"@type\":\"ReadAction\",\"target\":[\"https:\\\/\\\/www.eventfotografen.berlin\\\/2020\\\/08\\\/09\\\/gruendungsfestakt-der-engagementstiftung-in-neustrelitzin\\\/\"]}]},{\"@type\":\"ImageObject\",\"inLanguage\":\"en-US\",\"@id\":\"https:\\\/\\\/www.eventfotografen.berlin\\\/2020\\\/08\\\/09\\\/gruendungsfestakt-der-engagementstiftung-in-neustrelitzin\\\/#primaryimage\",\"url\":\"https:\\\/\\\/www.eventfotografen.berlin\\\/wp-content\\\/uploads\\\/2020\\\/08\\\/Engagementstiftung_Gruendungsfestakt_in_Neustrelitz_13.jpg\",\"contentUrl\":\"https:\\\/\\\/www.eventfotografen.berlin\\\/wp-content\\\/uploads\\\/2020\\\/08\\\/Engagementstiftung_Gruendungsfestakt_in_Neustrelitz_13.jpg\",\"width\":2000,\"height\":1331,\"caption\":\"Bundesministerin f\u00fcr Familie, Senioren, Frauen und Jugend, Dr. Franziska Giffey\"},{\"@type\":\"BreadcrumbList\",\"@id\":\"https:\\\/\\\/www.eventfotografen.berlin\\\/2020\\\/08\\\/09\\\/gruendungsfestakt-der-engagementstiftung-in-neustrelitzin\\\/#breadcrumb\",\"itemListElement\":[{\"@type\":\"ListItem\",\"position\":1,\"name\":\"Startseite\",\"item\":\"https:\\\/\\\/www.eventfotografen.berlin\\\/en\\\/\"},{\"@type\":\"ListItem\",\"position\":2,\"name\":\"Gr\u00fcndungsfestakt der Engagementstiftung in Neustrelitz\"}]},{\"@type\":\"WebSite\",\"@id\":\"https:\\\/\\\/www.eventfotografen.berlin\\\/#website\",\"url\":\"https:\\\/\\\/www.eventfotografen.berlin\\\/\",\"name\":\"Eventfotografen Berlin\",\"description\":\"Ihre Profis f\u00fcr Eventfotografie, Konferenzfotografie &amp; Messefotografie\",\"publisher\":{\"@id\":\"https:\\\/\\\/www.eventfotografen.berlin\\\/#organization\"},\"potentialAction\":[{\"@type\":\"SearchAction\",\"target\":{\"@type\":\"EntryPoint\",\"urlTemplate\":\"https:\\\/\\\/www.eventfotografen.berlin\\\/?s={search_term_string}\"},\"query-input\":{\"@type\":\"PropertyValueSpecification\",\"valueRequired\":true,\"valueName\":\"search_term_string\"}}],\"inLanguage\":\"en-US\"},{\"@type\":\"Organization\",\"@id\":\"https:\\\/\\\/www.eventfotografen.berlin\\\/#organization\",\"name\":\"Eventfotografen Berlin\",\"url\":\"https:\\\/\\\/www.eventfotografen.berlin\\\/\",\"logo\":{\"@type\":\"ImageObject\",\"inLanguage\":\"en-US\",\"@id\":\"https:\\\/\\\/www.eventfotografen.berlin\\\/#\\\/schema\\\/logo\\\/image\\\/\",\"url\":\"https:\\\/\\\/www.eventfotografen.berlin\\\/wp-content\\\/uploads\\\/2020\\\/01\\\/web_logo_eventfotografen_berlin_schmal.png\",\"contentUrl\":\"https:\\\/\\\/www.eventfotografen.berlin\\\/wp-content\\\/uploads\\\/2020\\\/01\\\/web_logo_eventfotografen_berlin_schmal.png\",\"width\":300,\"height\":44,\"caption\":\"Eventfotografen Berlin\"},\"image\":{\"@id\":\"https:\\\/\\\/www.eventfotografen.berlin\\\/#\\\/schema\\\/logo\\\/image\\\/\"}},{\"@type\":\"Person\",\"@id\":\"https:\\\/\\\/www.eventfotografen.berlin\\\/#\\\/schema\\\/person\\\/66588b44235e32eeb19b048e4aca5273\",\"name\":\"Konstantin\",\"image\":{\"@type\":\"ImageObject\",\"inLanguage\":\"en-US\",\"@id\":\"https:\\\/\\\/secure.gravatar.com\\\/avatar\\\/62b47dd914b71aa0ecc4944f344fc8d649c5d1b5c226697b6555fc9ee4d60187?s=96&d=mm&r=g\",\"url\":\"https:\\\/\\\/secure.gravatar.com\\\/avatar\\\/62b47dd914b71aa0ecc4944f344fc8d649c5d1b5c226697b6555fc9ee4d60187?s=96&d=mm&r=g\",\"contentUrl\":\"https:\\\/\\\/secure.gravatar.com\\\/avatar\\\/62b47dd914b71aa0ecc4944f344fc8d649c5d1b5c226697b6555fc9ee4d60187?s=96&d=mm&r=g\",\"caption\":\"Konstantin\"}}]}<\/script>\n<!-- \/ Yoast SEO plugin. -->","yoast_head_json":{"title":"Gr\u00fcndungsfestakt der Engagementstiftung in Neustrelitz - Eventfotografen Berlin","robots":{"index":"index","follow":"follow","max-snippet":"max-snippet:-1","max-image-preview":"max-image-preview:large","max-video-preview":"max-video-preview:-1"},"canonical":"https:\/\/www.eventfotografen.berlin\/2020\/08\/09\/gruendungsfestakt-der-engagementstiftung-in-neustrelitzin\/","og_locale":"en_US","og_type":"article","og_title":"Gr\u00fcndungsfestakt der Engagementstiftung in Neustrelitz - Eventfotografen Berlin","og_description":"Seit Mitte diesen Jahres haben wir einen Rahmenvertrag mit dem Bundesministerium f\u00fcr\u00a0Familie, Senioren, Frauen und Jugend. Unser \"Auftaktevent\" als Fotografen war der feierliche Gr\u00fcndungsfestakt der Stiftung f\u00fcr Engagement und Ehrenamt am 23. Juni 2020 in Neustrelitz. Wir haben die Bundesministerin f\u00fcr Familie, Senioren, Frauen und Jugend, Frau Dr. Franziska Giffey auf diesem Termin begleitet. Die [&hellip;]","og_url":"https:\/\/www.eventfotografen.berlin\/2020\/08\/09\/gruendungsfestakt-der-engagementstiftung-in-neustrelitzin\/","og_site_name":"Eventfotografen Berlin","article_published_time":"2020-08-09T14:20:00+00:00","article_modified_time":"2020-08-09T14:24:34+00:00","og_image":[{"width":2000,"height":1331,"url":"https:\/\/www.eventfotografen.berlin\/wp-content\/uploads\/2020\/08\/Engagementstiftung_Gruendungsfestakt_in_Neustrelitz_13.jpg","type":"image\/jpeg"}],"author":"Konstantin","twitter_card":"summary_large_image","twitter_misc":{"Written by":"Konstantin","Est. reading time":"1 minute"},"schema":{"@context":"https:\/\/schema.org","@graph":[{"@type":"Article","@id":"https:\/\/www.eventfotografen.berlin\/2020\/08\/09\/gruendungsfestakt-der-engagementstiftung-in-neustrelitzin\/#article","isPartOf":{"@id":"https:\/\/www.eventfotografen.berlin\/2020\/08\/09\/gruendungsfestakt-der-engagementstiftung-in-neustrelitzin\/"},"author":{"name":"Konstantin","@id":"https:\/\/www.eventfotografen.berlin\/#\/schema\/person\/66588b44235e32eeb19b048e4aca5273"},"headline":"Gr\u00fcndungsfestakt der Engagementstiftung in Neustrelitz","datePublished":"2020-08-09T14:20:00+00:00","dateModified":"2020-08-09T14:24:34+00:00","mainEntityOfPage":{"@id":"https:\/\/www.eventfotografen.berlin\/2020\/08\/09\/gruendungsfestakt-der-engagementstiftung-in-neustrelitzin\/"},"wordCount":272,"commentCount":0,"publisher":{"@id":"https:\/\/www.eventfotografen.berlin\/#organization"},"image":{"@id":"https:\/\/www.eventfotografen.berlin\/2020\/08\/09\/gruendungsfestakt-der-engagementstiftung-in-neustrelitzin\/#primaryimage"},"thumbnailUrl":"https:\/\/www.eventfotografen.berlin\/wp-content\/uploads\/2020\/08\/Engagementstiftung_Gruendungsfestakt_in_Neustrelitz_13.jpg","articleSection":["Eventfotografie"],"inLanguage":"en-US","potentialAction":[{"@type":"CommentAction","name":"Comment","target":["https:\/\/www.eventfotografen.berlin\/2020\/08\/09\/gruendungsfestakt-der-engagementstiftung-in-neustrelitzin\/#respond"]}]},{"@type":"WebPage","@id":"https:\/\/www.eventfotografen.berlin\/2020\/08\/09\/gruendungsfestakt-der-engagementstiftung-in-neustrelitzin\/","url":"https:\/\/www.eventfotografen.berlin\/2020\/08\/09\/gruendungsfestakt-der-engagementstiftung-in-neustrelitzin\/","name":"Gr\u00fcndungsfestakt der Engagementstiftung in Neustrelitz - Eventfotografen Berlin","isPartOf":{"@id":"https:\/\/www.eventfotografen.berlin\/#website"},"primaryImageOfPage":{"@id":"https:\/\/www.eventfotografen.berlin\/2020\/08\/09\/gruendungsfestakt-der-engagementstiftung-in-neustrelitzin\/#primaryimage"},"image":{"@id":"https:\/\/www.eventfotografen.berlin\/2020\/08\/09\/gruendungsfestakt-der-engagementstiftung-in-neustrelitzin\/#primaryimage"},"thumbnailUrl":"https:\/\/www.eventfotografen.berlin\/wp-content\/uploads\/2020\/08\/Engagementstiftung_Gruendungsfestakt_in_Neustrelitz_13.jpg","datePublished":"2020-08-09T14:20:00+00:00","dateModified":"2020-08-09T14:24:34+00:00","breadcrumb":{"@id":"https:\/\/www.eventfotografen.berlin\/2020\/08\/09\/gruendungsfestakt-der-engagementstiftung-in-neustrelitzin\/#breadcrumb"},"inLanguage":"en-US","potentialAction":[{"@type":"ReadAction","target":["https:\/\/www.eventfotografen.berlin\/2020\/08\/09\/gruendungsfestakt-der-engagementstiftung-in-neustrelitzin\/"]}]},{"@type":"ImageObject","inLanguage":"en-US","@id":"https:\/\/www.eventfotografen.berlin\/2020\/08\/09\/gruendungsfestakt-der-engagementstiftung-in-neustrelitzin\/#primaryimage","url":"https:\/\/www.eventfotografen.berlin\/wp-content\/uploads\/2020\/08\/Engagementstiftung_Gruendungsfestakt_in_Neustrelitz_13.jpg","contentUrl":"https:\/\/www.eventfotografen.berlin\/wp-content\/uploads\/2020\/08\/Engagementstiftung_Gruendungsfestakt_in_Neustrelitz_13.jpg","width":2000,"height":1331,"caption":"Bundesministerin f\u00fcr Familie, Senioren, Frauen und Jugend, Dr. Franziska Giffey"},{"@type":"BreadcrumbList","@id":"https:\/\/www.eventfotografen.berlin\/2020\/08\/09\/gruendungsfestakt-der-engagementstiftung-in-neustrelitzin\/#breadcrumb","itemListElement":[{"@type":"ListItem","position":1,"name":"Startseite","item":"https:\/\/www.eventfotografen.berlin\/en\/"},{"@type":"ListItem","position":2,"name":"Gr\u00fcndungsfestakt der Engagementstiftung in Neustrelitz"}]},{"@type":"WebSite","@id":"https:\/\/www.eventfotografen.berlin\/#website","url":"https:\/\/www.eventfotografen.berlin\/","name":"Eventfotografen Berlin","description":"Ihre Profis f\u00fcr Eventfotografie, Konferenzfotografie &amp; Messefotografie","publisher":{"@id":"https:\/\/www.eventfotografen.berlin\/#organization"},"potentialAction":[{"@type":"SearchAction","target":{"@type":"EntryPoint","urlTemplate":"https:\/\/www.eventfotografen.berlin\/?s={search_term_string}"},"query-input":{"@type":"PropertyValueSpecification","valueRequired":true,"valueName":"search_term_string"}}],"inLanguage":"en-US"},{"@type":"Organization","@id":"https:\/\/www.eventfotografen.berlin\/#organization","name":"Eventfotografen Berlin","url":"https:\/\/www.eventfotografen.berlin\/","logo":{"@type":"ImageObject","inLanguage":"en-US","@id":"https:\/\/www.eventfotografen.berlin\/#\/schema\/logo\/image\/","url":"https:\/\/www.eventfotografen.berlin\/wp-content\/uploads\/2020\/01\/web_logo_eventfotografen_berlin_schmal.png","contentUrl":"https:\/\/www.eventfotografen.berlin\/wp-content\/uploads\/2020\/01\/web_logo_eventfotografen_berlin_schmal.png","width":300,"height":44,"caption":"Eventfotografen Berlin"},"image":{"@id":"https:\/\/www.eventfotografen.berlin\/#\/schema\/logo\/image\/"}},{"@type":"Person","@id":"https:\/\/www.eventfotografen.berlin\/#\/schema\/person\/66588b44235e32eeb19b048e4aca5273","name":"Konstantin","image":{"@type":"ImageObject","inLanguage":"en-US","@id":"https:\/\/secure.gravatar.com\/avatar\/62b47dd914b71aa0ecc4944f344fc8d649c5d1b5c226697b6555fc9ee4d60187?s=96&d=mm&r=g","url":"https:\/\/secure.gravatar.com\/avatar\/62b47dd914b71aa0ecc4944f344fc8d649c5d1b5c226697b6555fc9ee4d60187?s=96&d=mm&r=g","contentUrl":"https:\/\/secure.gravatar.com\/avatar\/62b47dd914b71aa0ecc4944f344fc8d649c5d1b5c226697b6555fc9ee4d60187?s=96&d=mm&r=g","caption":"Konstantin"}}]}},"_links":{"self":[{"href":"https:\/\/www.eventfotografen.berlin\/en\/wp-json\/wp\/v2\/posts\/3218","targetHints":{"allow":["GET"]}}],"collection":[{"href":"https:\/\/www.eventfotografen.berlin\/en\/wp-json\/wp\/v2\/posts"}],"about":[{"href":"https:\/\/www.eventfotografen.berlin\/en\/wp-json\/wp\/v2\/types\/post"}],"author":[{"embeddable":true,"href":"https:\/\/www.eventfotografen.berlin\/en\/wp-json\/wp\/v2\/users\/1"}],"replies":[{"embeddable":true,"href":"https:\/\/www.eventfotografen.berlin\/en\/wp-json\/wp\/v2\/comments?post=3218"}],"version-history":[{"count":4,"href":"https:\/\/www.eventfotografen.berlin\/en\/wp-json\/wp\/v2\/posts\/3218\/revisions"}],"predecessor-version":[{"id":3225,"href":"https:\/\/www.eventfotografen.berlin\/en\/wp-json\/wp\/v2\/posts\/3218\/revisions\/3225"}],"wp:featuredmedia":[{"embeddable":true,"href":"https:\/\/www.eventfotografen.berlin\/en\/wp-json\/wp\/v2\/media\/3190"}],"wp:attachment":[{"href":"https:\/\/www.eventfotografen.berlin\/en\/wp-json\/wp\/v2\/media?parent=3218"}],"wp:term":[{"taxonomy":"category","embeddable":true,"href":"https:\/\/www.eventfotografen.berlin\/en\/wp-json\/wp\/v2\/categories?post=3218"},{"taxonomy":"post_tag","embeddable":true,"href":"https:\/\/www.eventfotografen.berlin\/en\/wp-json\/wp\/v2\/tags?post=3218"},{"taxonomy":"dipi_cpt_category","embeddable":true,"href":"https:\/\/www.eventfotografen.berlin\/en\/wp-json\/wp\/v2\/dipi_cpt_category?post=3218"}],"curies":[{"name":"wp","href":"https:\/\/api.w.org\/{rel}","templated":true}]}}