{"id":3153,"date":"2020-07-28T08:00:00","date_gmt":"2020-07-28T06:00:00","guid":{"rendered":"https:\/\/www.eventfotografen.berlin\/?p=3153"},"modified":"2020-07-28T09:34:12","modified_gmt":"2020-07-28T07:34:12","slug":"zia-tag-der-immobilienwirtschaft-2020","status":"publish","type":"post","link":"https:\/\/www.eventfotografen.berlin\/en\/2020\/07\/28\/zia-tag-der-immobilienwirtschaft-2020\/","title":{"rendered":"ZIA &#8211; Tag der Immobilienwirtschaft 2020"},"content":{"rendered":"\n\n[et_pb_section fb_built=&#8221;1&#8243; _builder_version=&#8221;4.0.11&#8243; custom_padding=&#8221;0px|||||&#8221;][et_pb_row _builder_version=&#8221;4.0.11&#8243;][et_pb_column type=&#8221;4_4&#8243; _builder_version=&#8221;4.0.11&#8243;][et_pb_text _builder_version=&#8221;4.5.1&#8243;]<p>Ende Juni durften wir den Tag der Immobilienwirtschaft begleiten der einmal im Jahr vom Spitzenverband der Immobilienwirtschaft, dem <a href=\"https:\/\/www.zia-deutschland.de\/\" target=\"_blank\" rel=\"noopener noreferrer\">Zentralen Immobilien Ausschuss e.V. (ZIA)<\/a> ausgerichtet wird.<\/p>\n<p>Normalerweise ist dies eine gro\u00dfe Konferenz mit weit \u00fcber 1000 G\u00e4sten vor Ort. Auf Grund der Corona-Pandemie fand die diesj\u00e4hrige Konferenz als hybride Veranstaltung statt. 50 geladene G\u00e4ste aus Politik und Wirtschaft konnten mit dem n\u00f6tigen Abstand der Veranstaltung live beiwohnen. \u00dcber 3000 G\u00e4ste verfolgten das Geschehen im Livestream. Neben vielen Videogru\u00dfworten waren als Redner der Vizekanzler und <a href=\"https:\/\/www.bundesfinanzministerium.de\/\" target=\"_blank\" rel=\"noopener noreferrer\">Bundesfinanzminister<\/a> Olaf Scholz von der <a href=\"https:\/\/www.spd.de\/\" target=\"_blank\" rel=\"noopener noreferrer\">SPD<\/a> sowie <a href=\"https:\/\/www.christian-lindner.de\/\" target=\"_blank\" rel=\"noopener noreferrer\">Christian Lindner<\/a>, <a href=\"https:\/\/www.fdp.de\/\" target=\"_blank\" rel=\"noopener noreferrer\">FDP<\/a> Bundes- und Fraktionsvorsitzender im Deutschen Bundestag zu Gast.<\/p>\n<p>Unsere Aufgabe war es, die <a href=\"https:\/\/www.eventfotografen.berlin\/konferenzfotografie\/\">Konferenz<\/a> mit allen Rednern zu dokumentieren als auch die Konferenz im Gesamtkontext.\u00a0<\/p>[\/et_pb_text][\/et_pb_column][\/et_pb_row][et_pb_row _builder_version=&#8221;4.0.11&#8243; custom_margin=&#8221;-394px|auto||auto||&#8221;][et_pb_column type=&#8221;4_4&#8243; _builder_version=&#8221;4.0.11&#8243;][et_pb_toggle title=&#8221;Fakten zum Event hier im Detail&#8221; _builder_version=&#8221;4.2.2&#8243; min_height=&#8221;30px&#8221; custom_margin=&#8221;14px|||||&#8221; custom_padding=&#8221;12px||13px|||&#8221;]<p><span>Bereich: Konferenzfotografie \/ Eventfotografie\u00a0<br \/> <\/span><span>Begleitungsl\u00e4nge: 4h \/ 1 Fotograf<br \/> Format: Konferenz<br \/> Ort: ZIA Hauptstadtstudio \/ Leipziger Platz, Berlin<br \/> G\u00e4ste: 50 G\u00e4ste vor Ort, \u00fcber 3000 im Livestream<\/span><\/p>[\/et_pb_toggle][et_pb_gallery gallery_ids=&#8221;3079,3081,3083,3085,3087,3089,3091,3093,3095,3097,3099,3101,3103,3105,3107,3109,3111,3113,3115,3117,3119,3121,3123,3125,3127,3129,3131,3133,3135,3137,3139,3141,3143,3145,3147,3149,3151&#8243; posts_number=&#8221;28&#8243; show_title_and_caption=&#8221;off&#8221; _builder_version=&#8221;4.5.1&#8243; custom_margin=&#8221;32px||-25px|||&#8221; custom_padding=&#8221;||0px|||&#8221;][\/et_pb_gallery][et_pb_post_nav _builder_version=&#8221;4.0.11&#8243; custom_margin=&#8221;-23px|||||&#8221; min_height=&#8221;6px&#8221; custom_padding=&#8221;0px|||||&#8221;][\/et_pb_post_nav][\/et_pb_column][\/et_pb_row][\/et_pb_section]\n\n","protected":false},"excerpt":{"rendered":"<p>Ende Juni durften wir den Tag der Immobilienwirtschaft begleiten der einmal im Jahr vom Spitzenverband der Immobilienwirtschaft, dem Zentralen Immobilien Ausschuss e.V. (ZIA) ausgerichtet wird. Normalerweise ist dies eine gro\u00dfe Konferenz mit weit \u00fcber 1000 G\u00e4sten vor Ort. Auf Grund der Corona-Pandemie fand die diesj\u00e4hrige Konferenz als hybride Veranstaltung statt. 50 geladene G\u00e4ste aus Politik [&hellip;]<\/p>\n","protected":false},"author":1,"featured_media":3089,"comment_status":"open","ping_status":"open","sticky":false,"template":"","format":"image","meta":{"_et_pb_use_builder":"on","_et_pb_old_content":"","_et_gb_content_width":"1080","footnotes":""},"categories":[3,4],"tags":[],"dipi_cpt_category":[],"class_list":["post-3153","post","type-post","status-publish","format-image","has-post-thumbnail","hentry","category-eventfotografie","category-konferenzfotografie","post_format-post-format-image"],"yoast_head":"<!-- This site is optimized with the Yoast SEO plugin v27.5 - https:\/\/yoast.com\/product\/yoast-seo-wordpress\/ -->\n<title>ZIA - Tag der Immobilienwirtschaft 2020 - Eventfotografen Berlin<\/title>\n<meta name=\"robots\" content=\"index, follow, max-snippet:-1, max-image-preview:large, max-video-preview:-1\" \/>\n<link rel=\"canonical\" href=\"https:\/\/www.eventfotografen.berlin\/2020\/07\/28\/zia-tag-der-immobilienwirtschaft-2020\/\" \/>\n<meta property=\"og:locale\" content=\"en_US\" \/>\n<meta property=\"og:type\" content=\"article\" \/>\n<meta property=\"og:title\" content=\"ZIA - Tag der Immobilienwirtschaft 2020 - Eventfotografen Berlin\" \/>\n<meta property=\"og:description\" content=\"Ende Juni durften wir den Tag der Immobilienwirtschaft begleiten der einmal im Jahr vom Spitzenverband der Immobilienwirtschaft, dem Zentralen Immobilien Ausschuss e.V. (ZIA) ausgerichtet wird. Normalerweise ist dies eine gro\u00dfe Konferenz mit weit \u00fcber 1000 G\u00e4sten vor Ort. Auf Grund der Corona-Pandemie fand die diesj\u00e4hrige Konferenz als hybride Veranstaltung statt. 50 geladene G\u00e4ste aus Politik [&hellip;]\" \/>\n<meta property=\"og:url\" content=\"https:\/\/www.eventfotografen.berlin\/2020\/07\/28\/zia-tag-der-immobilienwirtschaft-2020\/\" \/>\n<meta property=\"og:site_name\" content=\"Eventfotografen Berlin\" \/>\n<meta property=\"article:published_time\" content=\"2020-07-28T06:00:00+00:00\" \/>\n<meta property=\"article:modified_time\" content=\"2020-07-28T07:34:12+00:00\" \/>\n<meta property=\"og:image\" content=\"https:\/\/www.eventfotografen.berlin\/wp-content\/uploads\/2020\/07\/ZIA-Tag-der-Immobilienwirtschaft-2020-06.jpg\" \/>\n\t<meta property=\"og:image:width\" content=\"1200\" \/>\n\t<meta property=\"og:image:height\" content=\"800\" \/>\n\t<meta property=\"og:image:type\" content=\"image\/jpeg\" \/>\n<meta name=\"author\" content=\"Konstantin\" \/>\n<meta name=\"twitter:card\" content=\"summary_large_image\" \/>\n<meta name=\"twitter:label1\" content=\"Written by\" \/>\n\t<meta name=\"twitter:data1\" content=\"Konstantin\" \/>\n\t<meta name=\"twitter:label2\" content=\"Est. reading time\" \/>\n\t<meta name=\"twitter:data2\" content=\"1 minute\" \/>\n<script type=\"application\/ld+json\" class=\"yoast-schema-graph\">{\"@context\":\"https:\\\/\\\/schema.org\",\"@graph\":[{\"@type\":\"Article\",\"@id\":\"https:\\\/\\\/www.eventfotografen.berlin\\\/2020\\\/07\\\/28\\\/zia-tag-der-immobilienwirtschaft-2020\\\/#article\",\"isPartOf\":{\"@id\":\"https:\\\/\\\/www.eventfotografen.berlin\\\/2020\\\/07\\\/28\\\/zia-tag-der-immobilienwirtschaft-2020\\\/\"},\"author\":{\"name\":\"Konstantin\",\"@id\":\"https:\\\/\\\/www.eventfotografen.berlin\\\/#\\\/schema\\\/person\\\/66588b44235e32eeb19b048e4aca5273\"},\"headline\":\"ZIA &#8211; Tag der Immobilienwirtschaft 2020\",\"datePublished\":\"2020-07-28T06:00:00+00:00\",\"dateModified\":\"2020-07-28T07:34:12+00:00\",\"mainEntityOfPage\":{\"@id\":\"https:\\\/\\\/www.eventfotografen.berlin\\\/2020\\\/07\\\/28\\\/zia-tag-der-immobilienwirtschaft-2020\\\/\"},\"wordCount\":283,\"commentCount\":0,\"publisher\":{\"@id\":\"https:\\\/\\\/www.eventfotografen.berlin\\\/#organization\"},\"image\":{\"@id\":\"https:\\\/\\\/www.eventfotografen.berlin\\\/2020\\\/07\\\/28\\\/zia-tag-der-immobilienwirtschaft-2020\\\/#primaryimage\"},\"thumbnailUrl\":\"https:\\\/\\\/www.eventfotografen.berlin\\\/wp-content\\\/uploads\\\/2020\\\/07\\\/ZIA-Tag-der-Immobilienwirtschaft-2020-06.jpg\",\"articleSection\":[\"Eventfotografie\",\"Konferenzfotografie\"],\"inLanguage\":\"en-US\",\"potentialAction\":[{\"@type\":\"CommentAction\",\"name\":\"Comment\",\"target\":[\"https:\\\/\\\/www.eventfotografen.berlin\\\/2020\\\/07\\\/28\\\/zia-tag-der-immobilienwirtschaft-2020\\\/#respond\"]}]},{\"@type\":\"WebPage\",\"@id\":\"https:\\\/\\\/www.eventfotografen.berlin\\\/2020\\\/07\\\/28\\\/zia-tag-der-immobilienwirtschaft-2020\\\/\",\"url\":\"https:\\\/\\\/www.eventfotografen.berlin\\\/2020\\\/07\\\/28\\\/zia-tag-der-immobilienwirtschaft-2020\\\/\",\"name\":\"ZIA - Tag der Immobilienwirtschaft 2020 - Eventfotografen Berlin\",\"isPartOf\":{\"@id\":\"https:\\\/\\\/www.eventfotografen.berlin\\\/#website\"},\"primaryImageOfPage\":{\"@id\":\"https:\\\/\\\/www.eventfotografen.berlin\\\/2020\\\/07\\\/28\\\/zia-tag-der-immobilienwirtschaft-2020\\\/#primaryimage\"},\"image\":{\"@id\":\"https:\\\/\\\/www.eventfotografen.berlin\\\/2020\\\/07\\\/28\\\/zia-tag-der-immobilienwirtschaft-2020\\\/#primaryimage\"},\"thumbnailUrl\":\"https:\\\/\\\/www.eventfotografen.berlin\\\/wp-content\\\/uploads\\\/2020\\\/07\\\/ZIA-Tag-der-Immobilienwirtschaft-2020-06.jpg\",\"datePublished\":\"2020-07-28T06:00:00+00:00\",\"dateModified\":\"2020-07-28T07:34:12+00:00\",\"breadcrumb\":{\"@id\":\"https:\\\/\\\/www.eventfotografen.berlin\\\/2020\\\/07\\\/28\\\/zia-tag-der-immobilienwirtschaft-2020\\\/#breadcrumb\"},\"inLanguage\":\"en-US\",\"potentialAction\":[{\"@type\":\"ReadAction\",\"target\":[\"https:\\\/\\\/www.eventfotografen.berlin\\\/2020\\\/07\\\/28\\\/zia-tag-der-immobilienwirtschaft-2020\\\/\"]}]},{\"@type\":\"ImageObject\",\"inLanguage\":\"en-US\",\"@id\":\"https:\\\/\\\/www.eventfotografen.berlin\\\/2020\\\/07\\\/28\\\/zia-tag-der-immobilienwirtschaft-2020\\\/#primaryimage\",\"url\":\"https:\\\/\\\/www.eventfotografen.berlin\\\/wp-content\\\/uploads\\\/2020\\\/07\\\/ZIA-Tag-der-Immobilienwirtschaft-2020-06.jpg\",\"contentUrl\":\"https:\\\/\\\/www.eventfotografen.berlin\\\/wp-content\\\/uploads\\\/2020\\\/07\\\/ZIA-Tag-der-Immobilienwirtschaft-2020-06.jpg\",\"width\":1200,\"height\":800,\"caption\":\"ZIA - Tag der Immobilienwirtschaft 2020\"},{\"@type\":\"BreadcrumbList\",\"@id\":\"https:\\\/\\\/www.eventfotografen.berlin\\\/2020\\\/07\\\/28\\\/zia-tag-der-immobilienwirtschaft-2020\\\/#breadcrumb\",\"itemListElement\":[{\"@type\":\"ListItem\",\"position\":1,\"name\":\"Startseite\",\"item\":\"https:\\\/\\\/www.eventfotografen.berlin\\\/en\\\/\"},{\"@type\":\"ListItem\",\"position\":2,\"name\":\"ZIA &#8211; Tag der Immobilienwirtschaft 2020\"}]},{\"@type\":\"WebSite\",\"@id\":\"https:\\\/\\\/www.eventfotografen.berlin\\\/#website\",\"url\":\"https:\\\/\\\/www.eventfotografen.berlin\\\/\",\"name\":\"Eventfotografen Berlin\",\"description\":\"Ihre Profis f\u00fcr Eventfotografie, Konferenzfotografie &amp; Messefotografie\",\"publisher\":{\"@id\":\"https:\\\/\\\/www.eventfotografen.berlin\\\/#organization\"},\"potentialAction\":[{\"@type\":\"SearchAction\",\"target\":{\"@type\":\"EntryPoint\",\"urlTemplate\":\"https:\\\/\\\/www.eventfotografen.berlin\\\/?s={search_term_string}\"},\"query-input\":{\"@type\":\"PropertyValueSpecification\",\"valueRequired\":true,\"valueName\":\"search_term_string\"}}],\"inLanguage\":\"en-US\"},{\"@type\":\"Organization\",\"@id\":\"https:\\\/\\\/www.eventfotografen.berlin\\\/#organization\",\"name\":\"Eventfotografen Berlin\",\"url\":\"https:\\\/\\\/www.eventfotografen.berlin\\\/\",\"logo\":{\"@type\":\"ImageObject\",\"inLanguage\":\"en-US\",\"@id\":\"https:\\\/\\\/www.eventfotografen.berlin\\\/#\\\/schema\\\/logo\\\/image\\\/\",\"url\":\"https:\\\/\\\/www.eventfotografen.berlin\\\/wp-content\\\/uploads\\\/2020\\\/01\\\/web_logo_eventfotografen_berlin_schmal.png\",\"contentUrl\":\"https:\\\/\\\/www.eventfotografen.berlin\\\/wp-content\\\/uploads\\\/2020\\\/01\\\/web_logo_eventfotografen_berlin_schmal.png\",\"width\":300,\"height\":44,\"caption\":\"Eventfotografen Berlin\"},\"image\":{\"@id\":\"https:\\\/\\\/www.eventfotografen.berlin\\\/#\\\/schema\\\/logo\\\/image\\\/\"}},{\"@type\":\"Person\",\"@id\":\"https:\\\/\\\/www.eventfotografen.berlin\\\/#\\\/schema\\\/person\\\/66588b44235e32eeb19b048e4aca5273\",\"name\":\"Konstantin\",\"image\":{\"@type\":\"ImageObject\",\"inLanguage\":\"en-US\",\"@id\":\"https:\\\/\\\/secure.gravatar.com\\\/avatar\\\/62b47dd914b71aa0ecc4944f344fc8d649c5d1b5c226697b6555fc9ee4d60187?s=96&d=mm&r=g\",\"url\":\"https:\\\/\\\/secure.gravatar.com\\\/avatar\\\/62b47dd914b71aa0ecc4944f344fc8d649c5d1b5c226697b6555fc9ee4d60187?s=96&d=mm&r=g\",\"contentUrl\":\"https:\\\/\\\/secure.gravatar.com\\\/avatar\\\/62b47dd914b71aa0ecc4944f344fc8d649c5d1b5c226697b6555fc9ee4d60187?s=96&d=mm&r=g\",\"caption\":\"Konstantin\"}}]}<\/script>\n<!-- \/ Yoast SEO plugin. -->","yoast_head_json":{"title":"ZIA - Tag der Immobilienwirtschaft 2020 - Eventfotografen Berlin","robots":{"index":"index","follow":"follow","max-snippet":"max-snippet:-1","max-image-preview":"max-image-preview:large","max-video-preview":"max-video-preview:-1"},"canonical":"https:\/\/www.eventfotografen.berlin\/2020\/07\/28\/zia-tag-der-immobilienwirtschaft-2020\/","og_locale":"en_US","og_type":"article","og_title":"ZIA - Tag der Immobilienwirtschaft 2020 - Eventfotografen Berlin","og_description":"Ende Juni durften wir den Tag der Immobilienwirtschaft begleiten der einmal im Jahr vom Spitzenverband der Immobilienwirtschaft, dem Zentralen Immobilien Ausschuss e.V. (ZIA) ausgerichtet wird. Normalerweise ist dies eine gro\u00dfe Konferenz mit weit \u00fcber 1000 G\u00e4sten vor Ort. Auf Grund der Corona-Pandemie fand die diesj\u00e4hrige Konferenz als hybride Veranstaltung statt. 50 geladene G\u00e4ste aus Politik [&hellip;]","og_url":"https:\/\/www.eventfotografen.berlin\/2020\/07\/28\/zia-tag-der-immobilienwirtschaft-2020\/","og_site_name":"Eventfotografen Berlin","article_published_time":"2020-07-28T06:00:00+00:00","article_modified_time":"2020-07-28T07:34:12+00:00","og_image":[{"width":1200,"height":800,"url":"https:\/\/www.eventfotografen.berlin\/wp-content\/uploads\/2020\/07\/ZIA-Tag-der-Immobilienwirtschaft-2020-06.jpg","type":"image\/jpeg"}],"author":"Konstantin","twitter_card":"summary_large_image","twitter_misc":{"Written by":"Konstantin","Est. reading time":"1 minute"},"schema":{"@context":"https:\/\/schema.org","@graph":[{"@type":"Article","@id":"https:\/\/www.eventfotografen.berlin\/2020\/07\/28\/zia-tag-der-immobilienwirtschaft-2020\/#article","isPartOf":{"@id":"https:\/\/www.eventfotografen.berlin\/2020\/07\/28\/zia-tag-der-immobilienwirtschaft-2020\/"},"author":{"name":"Konstantin","@id":"https:\/\/www.eventfotografen.berlin\/#\/schema\/person\/66588b44235e32eeb19b048e4aca5273"},"headline":"ZIA &#8211; Tag der Immobilienwirtschaft 2020","datePublished":"2020-07-28T06:00:00+00:00","dateModified":"2020-07-28T07:34:12+00:00","mainEntityOfPage":{"@id":"https:\/\/www.eventfotografen.berlin\/2020\/07\/28\/zia-tag-der-immobilienwirtschaft-2020\/"},"wordCount":283,"commentCount":0,"publisher":{"@id":"https:\/\/www.eventfotografen.berlin\/#organization"},"image":{"@id":"https:\/\/www.eventfotografen.berlin\/2020\/07\/28\/zia-tag-der-immobilienwirtschaft-2020\/#primaryimage"},"thumbnailUrl":"https:\/\/www.eventfotografen.berlin\/wp-content\/uploads\/2020\/07\/ZIA-Tag-der-Immobilienwirtschaft-2020-06.jpg","articleSection":["Eventfotografie","Konferenzfotografie"],"inLanguage":"en-US","potentialAction":[{"@type":"CommentAction","name":"Comment","target":["https:\/\/www.eventfotografen.berlin\/2020\/07\/28\/zia-tag-der-immobilienwirtschaft-2020\/#respond"]}]},{"@type":"WebPage","@id":"https:\/\/www.eventfotografen.berlin\/2020\/07\/28\/zia-tag-der-immobilienwirtschaft-2020\/","url":"https:\/\/www.eventfotografen.berlin\/2020\/07\/28\/zia-tag-der-immobilienwirtschaft-2020\/","name":"ZIA - Tag der Immobilienwirtschaft 2020 - Eventfotografen Berlin","isPartOf":{"@id":"https:\/\/www.eventfotografen.berlin\/#website"},"primaryImageOfPage":{"@id":"https:\/\/www.eventfotografen.berlin\/2020\/07\/28\/zia-tag-der-immobilienwirtschaft-2020\/#primaryimage"},"image":{"@id":"https:\/\/www.eventfotografen.berlin\/2020\/07\/28\/zia-tag-der-immobilienwirtschaft-2020\/#primaryimage"},"thumbnailUrl":"https:\/\/www.eventfotografen.berlin\/wp-content\/uploads\/2020\/07\/ZIA-Tag-der-Immobilienwirtschaft-2020-06.jpg","datePublished":"2020-07-28T06:00:00+00:00","dateModified":"2020-07-28T07:34:12+00:00","breadcrumb":{"@id":"https:\/\/www.eventfotografen.berlin\/2020\/07\/28\/zia-tag-der-immobilienwirtschaft-2020\/#breadcrumb"},"inLanguage":"en-US","potentialAction":[{"@type":"ReadAction","target":["https:\/\/www.eventfotografen.berlin\/2020\/07\/28\/zia-tag-der-immobilienwirtschaft-2020\/"]}]},{"@type":"ImageObject","inLanguage":"en-US","@id":"https:\/\/www.eventfotografen.berlin\/2020\/07\/28\/zia-tag-der-immobilienwirtschaft-2020\/#primaryimage","url":"https:\/\/www.eventfotografen.berlin\/wp-content\/uploads\/2020\/07\/ZIA-Tag-der-Immobilienwirtschaft-2020-06.jpg","contentUrl":"https:\/\/www.eventfotografen.berlin\/wp-content\/uploads\/2020\/07\/ZIA-Tag-der-Immobilienwirtschaft-2020-06.jpg","width":1200,"height":800,"caption":"ZIA - Tag der Immobilienwirtschaft 2020"},{"@type":"BreadcrumbList","@id":"https:\/\/www.eventfotografen.berlin\/2020\/07\/28\/zia-tag-der-immobilienwirtschaft-2020\/#breadcrumb","itemListElement":[{"@type":"ListItem","position":1,"name":"Startseite","item":"https:\/\/www.eventfotografen.berlin\/en\/"},{"@type":"ListItem","position":2,"name":"ZIA &#8211; Tag der Immobilienwirtschaft 2020"}]},{"@type":"WebSite","@id":"https:\/\/www.eventfotografen.berlin\/#website","url":"https:\/\/www.eventfotografen.berlin\/","name":"Eventfotografen Berlin","description":"Ihre Profis f\u00fcr Eventfotografie, Konferenzfotografie &amp; Messefotografie","publisher":{"@id":"https:\/\/www.eventfotografen.berlin\/#organization"},"potentialAction":[{"@type":"SearchAction","target":{"@type":"EntryPoint","urlTemplate":"https:\/\/www.eventfotografen.berlin\/?s={search_term_string}"},"query-input":{"@type":"PropertyValueSpecification","valueRequired":true,"valueName":"search_term_string"}}],"inLanguage":"en-US"},{"@type":"Organization","@id":"https:\/\/www.eventfotografen.berlin\/#organization","name":"Eventfotografen Berlin","url":"https:\/\/www.eventfotografen.berlin\/","logo":{"@type":"ImageObject","inLanguage":"en-US","@id":"https:\/\/www.eventfotografen.berlin\/#\/schema\/logo\/image\/","url":"https:\/\/www.eventfotografen.berlin\/wp-content\/uploads\/2020\/01\/web_logo_eventfotografen_berlin_schmal.png","contentUrl":"https:\/\/www.eventfotografen.berlin\/wp-content\/uploads\/2020\/01\/web_logo_eventfotografen_berlin_schmal.png","width":300,"height":44,"caption":"Eventfotografen Berlin"},"image":{"@id":"https:\/\/www.eventfotografen.berlin\/#\/schema\/logo\/image\/"}},{"@type":"Person","@id":"https:\/\/www.eventfotografen.berlin\/#\/schema\/person\/66588b44235e32eeb19b048e4aca5273","name":"Konstantin","image":{"@type":"ImageObject","inLanguage":"en-US","@id":"https:\/\/secure.gravatar.com\/avatar\/62b47dd914b71aa0ecc4944f344fc8d649c5d1b5c226697b6555fc9ee4d60187?s=96&d=mm&r=g","url":"https:\/\/secure.gravatar.com\/avatar\/62b47dd914b71aa0ecc4944f344fc8d649c5d1b5c226697b6555fc9ee4d60187?s=96&d=mm&r=g","contentUrl":"https:\/\/secure.gravatar.com\/avatar\/62b47dd914b71aa0ecc4944f344fc8d649c5d1b5c226697b6555fc9ee4d60187?s=96&d=mm&r=g","caption":"Konstantin"}}]}},"_links":{"self":[{"href":"https:\/\/www.eventfotografen.berlin\/en\/wp-json\/wp\/v2\/posts\/3153","targetHints":{"allow":["GET"]}}],"collection":[{"href":"https:\/\/www.eventfotografen.berlin\/en\/wp-json\/wp\/v2\/posts"}],"about":[{"href":"https:\/\/www.eventfotografen.berlin\/en\/wp-json\/wp\/v2\/types\/post"}],"author":[{"embeddable":true,"href":"https:\/\/www.eventfotografen.berlin\/en\/wp-json\/wp\/v2\/users\/1"}],"replies":[{"embeddable":true,"href":"https:\/\/www.eventfotografen.berlin\/en\/wp-json\/wp\/v2\/comments?post=3153"}],"version-history":[{"count":6,"href":"https:\/\/www.eventfotografen.berlin\/en\/wp-json\/wp\/v2\/posts\/3153\/revisions"}],"predecessor-version":[{"id":3164,"href":"https:\/\/www.eventfotografen.berlin\/en\/wp-json\/wp\/v2\/posts\/3153\/revisions\/3164"}],"wp:featuredmedia":[{"embeddable":true,"href":"https:\/\/www.eventfotografen.berlin\/en\/wp-json\/wp\/v2\/media\/3089"}],"wp:attachment":[{"href":"https:\/\/www.eventfotografen.berlin\/en\/wp-json\/wp\/v2\/media?parent=3153"}],"wp:term":[{"taxonomy":"category","embeddable":true,"href":"https:\/\/www.eventfotografen.berlin\/en\/wp-json\/wp\/v2\/categories?post=3153"},{"taxonomy":"post_tag","embeddable":true,"href":"https:\/\/www.eventfotografen.berlin\/en\/wp-json\/wp\/v2\/tags?post=3153"},{"taxonomy":"dipi_cpt_category","embeddable":true,"href":"https:\/\/www.eventfotografen.berlin\/en\/wp-json\/wp\/v2\/dipi_cpt_category?post=3153"}],"curies":[{"name":"wp","href":"https:\/\/api.w.org\/{rel}","templated":true}]}}