{"id":2822,"date":"2020-02-10T17:12:02","date_gmt":"2020-02-10T16:12:02","guid":{"rendered":"https:\/\/www.eventfotografen.berlin\/?p=2822"},"modified":"2020-05-26T17:19:06","modified_gmt":"2020-05-26T15:19:06","slug":"die-expo-real-2019-in-muenchen","status":"publish","type":"post","link":"https:\/\/www.eventfotografen.berlin\/en\/2020\/02\/10\/die-expo-real-2019-in-muenchen\/","title":{"rendered":"Die EXPO REAL 2019 in M\u00fcnchen"},"content":{"rendered":"\n[et_pb_section fb_built=&#8221;1&#8243; _builder_version=&#8221;4.0.11&#8243; custom_padding=&#8221;0px|||||&#8221;][et_pb_row _builder_version=&#8221;4.0.11&#8243;][et_pb_column type=&#8221;4_4&#8243; _builder_version=&#8221;4.0.11&#8243;][et_pb_text _builder_version=&#8221;4.2.2&#8243; hover_enabled=&#8221;0&#8243;]<p>Im Oktober 2019 haben wir mit 2 <a href=\"https:\/\/www.eventfotografen.berlin\/fotografenteam\/\">Fotografen<\/a> den Gemeinschaftsstand der <a href=\"https:\/\/www.dgnb.de\/de\/\" target=\"_blank\" rel=\"noopener noreferrer\">Deutschen Gesellschaft f\u00fcr nachhaltiges Bauen (DGNB e.V.)<\/a>\u00a0, der <a href=\"https:\/\/www.bak.de\/\" target=\"_blank\" rel=\"noopener noreferrer\">Bundesarchitektenkammer<\/a> sowie der <a href=\"https:\/\/www.bundesstiftung-baukultur.de\/\" target=\"_blank\" rel=\"noopener noreferrer\">Bundesstiftung Baukultur<\/a> auf der <a href=\"https:\/\/exporeal.net\/de\/\" target=\"_blank\" rel=\"noopener noreferrer\">EXPO REAL 2019<\/a> in M\u00fcnchen fotografisch dokumentiert.<\/p>\n<p>Die EXPO REAL in M\u00fcnchen ist die internationale Fachmesse f\u00fcr Immobilien und Investitionen. In unserer Funktion als <a href=\"https:\/\/www.eventfotografen.berlin\/messefotografie\/\">Messe-<\/a> und <a href=\"https:\/\/www.eventfotografen.berlin\/eventfotografie\/\">Eventfotografen<\/a> haben wir an 2 1\/2 Messetagen, den Messestand, das Messegeschehen und Programm am Stand (Interviews, Verleihungen und Diskussionpanels) fotografisch begleitet. Des weiteren haben wir Gesch\u00e4ftsf\u00fchrer und Mitarbeiter unseres Kunden bei Programmpunkten an anderen Stellen der Messe begleitet.<\/p>\n<p>An jedem Messetag haben wir bereits vor Ort eine Auswahl an Fotos zur Verf\u00fcgung gestellt, damit diese \u00fcber die Kommunikationskan\u00e4le unseres Auftraggebers unverz\u00fcglich genutzt werden konnten.<\/p>\n[\/et_pb_text][\/et_pb_column][\/et_pb_row][et_pb_row _builder_version=&#8221;4.0.11&#8243; custom_margin=&#8221;-394px|auto||auto||&#8221;][et_pb_column type=&#8221;4_4&#8243; _builder_version=&#8221;4.0.11&#8243;][et_pb_toggle title=&#8221;Fakten zum Event hier im Detail&#8221; _builder_version=&#8221;4.2.2&#8243; min_height=&#8221;30px&#8221; custom_margin=&#8221;14px|||||&#8221; custom_padding=&#8221;12px||13px|||&#8221;]<p><span>Bereich: Messefotografie \/ Eventfotografie<br \/> <\/span><span>Begleitungsl\u00e4nge: 2,5 Tage \/ 2 Fotografen<br \/> Format: Messe (Messestand, Messeinteraktionen)<br \/> Ort: M\u00fcnchen (Messe M\u00fcnchen)<br \/> G\u00e4ste: &#8211;<\/span><\/p>[\/et_pb_toggle][et_pb_gallery gallery_ids=&#8221;2738,2740,2742,2744,2746,2748,2750,2752,2754,2756,2758,2736,2760,2762,2764,2766,2768,2770,2772,2774,2776,2778,2780,2782,2784,2786,2788,2790,2792,2794,2796,2798,2800,2802,2804,2806,2808,2810,2812,2814,2816,2818,2820&#8243; posts_number=&#8221;28&#8243; show_title_and_caption=&#8221;off&#8221; _builder_version=&#8221;4.2.2&#8243; custom_margin=&#8221;32px|||||&#8221;][\/et_pb_gallery][et_pb_post_nav _builder_version=&#8221;4.0.11&#8243;][\/et_pb_post_nav][\/et_pb_column][\/et_pb_row][\/et_pb_section]\n","protected":false},"excerpt":{"rendered":"<p>Im Oktober 2019 haben wir mit 2 Fotografen den Gemeinschaftsstand der Deutschen Gesellschaft f\u00fcr nachhaltiges Bauen (DGNB e.V.)\u00a0, der Bundesarchitektenkammer sowie der Bundesstiftung Baukultur auf der EXPO REAL 2019 in M\u00fcnchen fotografisch dokumentiert. Die EXPO REAL in M\u00fcnchen ist die internationale Fachmesse f\u00fcr Immobilien und Investitionen. In unserer Funktion als Messe- und Eventfotografen haben wir [&hellip;]<\/p>\n","protected":false},"author":1,"featured_media":2812,"comment_status":"closed","ping_status":"closed","sticky":false,"template":"","format":"image","meta":{"_et_pb_use_builder":"on","_et_pb_old_content":"","_et_gb_content_width":"1080","footnotes":""},"categories":[3,5],"tags":[],"dipi_cpt_category":[],"class_list":["post-2822","post","type-post","status-publish","format-image","has-post-thumbnail","hentry","category-eventfotografie","category-messefotografie","post_format-post-format-image"],"yoast_head":"<!-- This site is optimized with the Yoast SEO plugin v27.5 - https:\/\/yoast.com\/product\/yoast-seo-wordpress\/ -->\n<title>Die EXPO REAL 2019 in M\u00fcnchen - Eventfotografen Berlin<\/title>\n<meta name=\"robots\" content=\"index, follow, max-snippet:-1, max-image-preview:large, max-video-preview:-1\" \/>\n<link rel=\"canonical\" href=\"https:\/\/www.eventfotografen.berlin\/2020\/02\/10\/die-expo-real-2019-in-muenchen\/\" \/>\n<meta property=\"og:locale\" content=\"en_US\" \/>\n<meta property=\"og:type\" content=\"article\" \/>\n<meta property=\"og:title\" content=\"Die EXPO REAL 2019 in M\u00fcnchen - Eventfotografen Berlin\" \/>\n<meta property=\"og:description\" content=\"Im Oktober 2019 haben wir mit 2 Fotografen den Gemeinschaftsstand der Deutschen Gesellschaft f\u00fcr nachhaltiges Bauen (DGNB e.V.)\u00a0, der Bundesarchitektenkammer sowie der Bundesstiftung Baukultur auf der EXPO REAL 2019 in M\u00fcnchen fotografisch dokumentiert. Die EXPO REAL in M\u00fcnchen ist die internationale Fachmesse f\u00fcr Immobilien und Investitionen. In unserer Funktion als Messe- und Eventfotografen haben wir [&hellip;]\" \/>\n<meta property=\"og:url\" content=\"https:\/\/www.eventfotografen.berlin\/2020\/02\/10\/die-expo-real-2019-in-muenchen\/\" \/>\n<meta property=\"og:site_name\" content=\"Eventfotografen Berlin\" \/>\n<meta property=\"article:published_time\" content=\"2020-02-10T16:12:02+00:00\" \/>\n<meta property=\"article:modified_time\" content=\"2020-05-26T15:19:06+00:00\" \/>\n<meta property=\"og:image\" content=\"https:\/\/www.eventfotografen.berlin\/wp-content\/uploads\/2020\/02\/39-EXPO-REAL-2019-in-Mu\u0308nchen.jpg\" \/>\n\t<meta property=\"og:image:width\" content=\"1200\" \/>\n\t<meta property=\"og:image:height\" content=\"800\" \/>\n\t<meta property=\"og:image:type\" content=\"image\/jpeg\" \/>\n<meta name=\"author\" content=\"Konstantin\" \/>\n<meta name=\"twitter:card\" content=\"summary_large_image\" \/>\n<meta name=\"twitter:label1\" content=\"Written by\" \/>\n\t<meta name=\"twitter:data1\" content=\"Konstantin\" \/>\n\t<meta name=\"twitter:label2\" content=\"Est. reading time\" \/>\n\t<meta name=\"twitter:data2\" content=\"1 minute\" \/>\n<script type=\"application\/ld+json\" class=\"yoast-schema-graph\">{\"@context\":\"https:\\\/\\\/schema.org\",\"@graph\":[{\"@type\":\"Article\",\"@id\":\"https:\\\/\\\/www.eventfotografen.berlin\\\/2020\\\/02\\\/10\\\/die-expo-real-2019-in-muenchen\\\/#article\",\"isPartOf\":{\"@id\":\"https:\\\/\\\/www.eventfotografen.berlin\\\/2020\\\/02\\\/10\\\/die-expo-real-2019-in-muenchen\\\/\"},\"author\":{\"name\":\"Konstantin\",\"@id\":\"https:\\\/\\\/www.eventfotografen.berlin\\\/#\\\/schema\\\/person\\\/66588b44235e32eeb19b048e4aca5273\"},\"headline\":\"Die EXPO REAL 2019 in M\u00fcnchen\",\"datePublished\":\"2020-02-10T16:12:02+00:00\",\"dateModified\":\"2020-05-26T15:19:06+00:00\",\"mainEntityOfPage\":{\"@id\":\"https:\\\/\\\/www.eventfotografen.berlin\\\/2020\\\/02\\\/10\\\/die-expo-real-2019-in-muenchen\\\/\"},\"wordCount\":265,\"publisher\":{\"@id\":\"https:\\\/\\\/www.eventfotografen.berlin\\\/#organization\"},\"image\":{\"@id\":\"https:\\\/\\\/www.eventfotografen.berlin\\\/2020\\\/02\\\/10\\\/die-expo-real-2019-in-muenchen\\\/#primaryimage\"},\"thumbnailUrl\":\"https:\\\/\\\/www.eventfotografen.berlin\\\/wp-content\\\/uploads\\\/2020\\\/02\\\/39-EXPO-REAL-2019-in-Mu\u0308nchen.jpg\",\"articleSection\":[\"Eventfotografie\",\"Messefotografie\"],\"inLanguage\":\"en-US\"},{\"@type\":\"WebPage\",\"@id\":\"https:\\\/\\\/www.eventfotografen.berlin\\\/2020\\\/02\\\/10\\\/die-expo-real-2019-in-muenchen\\\/\",\"url\":\"https:\\\/\\\/www.eventfotografen.berlin\\\/2020\\\/02\\\/10\\\/die-expo-real-2019-in-muenchen\\\/\",\"name\":\"Die EXPO REAL 2019 in M\u00fcnchen - Eventfotografen Berlin\",\"isPartOf\":{\"@id\":\"https:\\\/\\\/www.eventfotografen.berlin\\\/#website\"},\"primaryImageOfPage\":{\"@id\":\"https:\\\/\\\/www.eventfotografen.berlin\\\/2020\\\/02\\\/10\\\/die-expo-real-2019-in-muenchen\\\/#primaryimage\"},\"image\":{\"@id\":\"https:\\\/\\\/www.eventfotografen.berlin\\\/2020\\\/02\\\/10\\\/die-expo-real-2019-in-muenchen\\\/#primaryimage\"},\"thumbnailUrl\":\"https:\\\/\\\/www.eventfotografen.berlin\\\/wp-content\\\/uploads\\\/2020\\\/02\\\/39-EXPO-REAL-2019-in-Mu\u0308nchen.jpg\",\"datePublished\":\"2020-02-10T16:12:02+00:00\",\"dateModified\":\"2020-05-26T15:19:06+00:00\",\"breadcrumb\":{\"@id\":\"https:\\\/\\\/www.eventfotografen.berlin\\\/2020\\\/02\\\/10\\\/die-expo-real-2019-in-muenchen\\\/#breadcrumb\"},\"inLanguage\":\"en-US\",\"potentialAction\":[{\"@type\":\"ReadAction\",\"target\":[\"https:\\\/\\\/www.eventfotografen.berlin\\\/2020\\\/02\\\/10\\\/die-expo-real-2019-in-muenchen\\\/\"]}]},{\"@type\":\"ImageObject\",\"inLanguage\":\"en-US\",\"@id\":\"https:\\\/\\\/www.eventfotografen.berlin\\\/2020\\\/02\\\/10\\\/die-expo-real-2019-in-muenchen\\\/#primaryimage\",\"url\":\"https:\\\/\\\/www.eventfotografen.berlin\\\/wp-content\\\/uploads\\\/2020\\\/02\\\/39-EXPO-REAL-2019-in-Mu\u0308nchen.jpg\",\"contentUrl\":\"https:\\\/\\\/www.eventfotografen.berlin\\\/wp-content\\\/uploads\\\/2020\\\/02\\\/39-EXPO-REAL-2019-in-Mu\u0308nchen.jpg\",\"width\":1200,\"height\":800},{\"@type\":\"BreadcrumbList\",\"@id\":\"https:\\\/\\\/www.eventfotografen.berlin\\\/2020\\\/02\\\/10\\\/die-expo-real-2019-in-muenchen\\\/#breadcrumb\",\"itemListElement\":[{\"@type\":\"ListItem\",\"position\":1,\"name\":\"Startseite\",\"item\":\"https:\\\/\\\/www.eventfotografen.berlin\\\/en\\\/\"},{\"@type\":\"ListItem\",\"position\":2,\"name\":\"Die EXPO REAL 2019 in M\u00fcnchen\"}]},{\"@type\":\"WebSite\",\"@id\":\"https:\\\/\\\/www.eventfotografen.berlin\\\/#website\",\"url\":\"https:\\\/\\\/www.eventfotografen.berlin\\\/\",\"name\":\"Eventfotografen Berlin\",\"description\":\"Ihre Profis f\u00fcr Eventfotografie, Konferenzfotografie &amp; Messefotografie\",\"publisher\":{\"@id\":\"https:\\\/\\\/www.eventfotografen.berlin\\\/#organization\"},\"potentialAction\":[{\"@type\":\"SearchAction\",\"target\":{\"@type\":\"EntryPoint\",\"urlTemplate\":\"https:\\\/\\\/www.eventfotografen.berlin\\\/?s={search_term_string}\"},\"query-input\":{\"@type\":\"PropertyValueSpecification\",\"valueRequired\":true,\"valueName\":\"search_term_string\"}}],\"inLanguage\":\"en-US\"},{\"@type\":\"Organization\",\"@id\":\"https:\\\/\\\/www.eventfotografen.berlin\\\/#organization\",\"name\":\"Eventfotografen Berlin\",\"url\":\"https:\\\/\\\/www.eventfotografen.berlin\\\/\",\"logo\":{\"@type\":\"ImageObject\",\"inLanguage\":\"en-US\",\"@id\":\"https:\\\/\\\/www.eventfotografen.berlin\\\/#\\\/schema\\\/logo\\\/image\\\/\",\"url\":\"https:\\\/\\\/www.eventfotografen.berlin\\\/wp-content\\\/uploads\\\/2020\\\/01\\\/web_logo_eventfotografen_berlin_schmal.png\",\"contentUrl\":\"https:\\\/\\\/www.eventfotografen.berlin\\\/wp-content\\\/uploads\\\/2020\\\/01\\\/web_logo_eventfotografen_berlin_schmal.png\",\"width\":300,\"height\":44,\"caption\":\"Eventfotografen Berlin\"},\"image\":{\"@id\":\"https:\\\/\\\/www.eventfotografen.berlin\\\/#\\\/schema\\\/logo\\\/image\\\/\"}},{\"@type\":\"Person\",\"@id\":\"https:\\\/\\\/www.eventfotografen.berlin\\\/#\\\/schema\\\/person\\\/66588b44235e32eeb19b048e4aca5273\",\"name\":\"Konstantin\",\"image\":{\"@type\":\"ImageObject\",\"inLanguage\":\"en-US\",\"@id\":\"https:\\\/\\\/secure.gravatar.com\\\/avatar\\\/62b47dd914b71aa0ecc4944f344fc8d649c5d1b5c226697b6555fc9ee4d60187?s=96&d=mm&r=g\",\"url\":\"https:\\\/\\\/secure.gravatar.com\\\/avatar\\\/62b47dd914b71aa0ecc4944f344fc8d649c5d1b5c226697b6555fc9ee4d60187?s=96&d=mm&r=g\",\"contentUrl\":\"https:\\\/\\\/secure.gravatar.com\\\/avatar\\\/62b47dd914b71aa0ecc4944f344fc8d649c5d1b5c226697b6555fc9ee4d60187?s=96&d=mm&r=g\",\"caption\":\"Konstantin\"}}]}<\/script>\n<!-- \/ Yoast SEO plugin. -->","yoast_head_json":{"title":"Die EXPO REAL 2019 in M\u00fcnchen - Eventfotografen Berlin","robots":{"index":"index","follow":"follow","max-snippet":"max-snippet:-1","max-image-preview":"max-image-preview:large","max-video-preview":"max-video-preview:-1"},"canonical":"https:\/\/www.eventfotografen.berlin\/2020\/02\/10\/die-expo-real-2019-in-muenchen\/","og_locale":"en_US","og_type":"article","og_title":"Die EXPO REAL 2019 in M\u00fcnchen - Eventfotografen Berlin","og_description":"Im Oktober 2019 haben wir mit 2 Fotografen den Gemeinschaftsstand der Deutschen Gesellschaft f\u00fcr nachhaltiges Bauen (DGNB e.V.)\u00a0, der Bundesarchitektenkammer sowie der Bundesstiftung Baukultur auf der EXPO REAL 2019 in M\u00fcnchen fotografisch dokumentiert. Die EXPO REAL in M\u00fcnchen ist die internationale Fachmesse f\u00fcr Immobilien und Investitionen. In unserer Funktion als Messe- und Eventfotografen haben wir [&hellip;]","og_url":"https:\/\/www.eventfotografen.berlin\/2020\/02\/10\/die-expo-real-2019-in-muenchen\/","og_site_name":"Eventfotografen Berlin","article_published_time":"2020-02-10T16:12:02+00:00","article_modified_time":"2020-05-26T15:19:06+00:00","og_image":[{"width":1200,"height":800,"url":"https:\/\/www.eventfotografen.berlin\/wp-content\/uploads\/2020\/02\/39-EXPO-REAL-2019-in-Mu\u0308nchen.jpg","type":"image\/jpeg"}],"author":"Konstantin","twitter_card":"summary_large_image","twitter_misc":{"Written by":"Konstantin","Est. reading time":"1 minute"},"schema":{"@context":"https:\/\/schema.org","@graph":[{"@type":"Article","@id":"https:\/\/www.eventfotografen.berlin\/2020\/02\/10\/die-expo-real-2019-in-muenchen\/#article","isPartOf":{"@id":"https:\/\/www.eventfotografen.berlin\/2020\/02\/10\/die-expo-real-2019-in-muenchen\/"},"author":{"name":"Konstantin","@id":"https:\/\/www.eventfotografen.berlin\/#\/schema\/person\/66588b44235e32eeb19b048e4aca5273"},"headline":"Die EXPO REAL 2019 in M\u00fcnchen","datePublished":"2020-02-10T16:12:02+00:00","dateModified":"2020-05-26T15:19:06+00:00","mainEntityOfPage":{"@id":"https:\/\/www.eventfotografen.berlin\/2020\/02\/10\/die-expo-real-2019-in-muenchen\/"},"wordCount":265,"publisher":{"@id":"https:\/\/www.eventfotografen.berlin\/#organization"},"image":{"@id":"https:\/\/www.eventfotografen.berlin\/2020\/02\/10\/die-expo-real-2019-in-muenchen\/#primaryimage"},"thumbnailUrl":"https:\/\/www.eventfotografen.berlin\/wp-content\/uploads\/2020\/02\/39-EXPO-REAL-2019-in-Mu\u0308nchen.jpg","articleSection":["Eventfotografie","Messefotografie"],"inLanguage":"en-US"},{"@type":"WebPage","@id":"https:\/\/www.eventfotografen.berlin\/2020\/02\/10\/die-expo-real-2019-in-muenchen\/","url":"https:\/\/www.eventfotografen.berlin\/2020\/02\/10\/die-expo-real-2019-in-muenchen\/","name":"Die EXPO REAL 2019 in M\u00fcnchen - Eventfotografen Berlin","isPartOf":{"@id":"https:\/\/www.eventfotografen.berlin\/#website"},"primaryImageOfPage":{"@id":"https:\/\/www.eventfotografen.berlin\/2020\/02\/10\/die-expo-real-2019-in-muenchen\/#primaryimage"},"image":{"@id":"https:\/\/www.eventfotografen.berlin\/2020\/02\/10\/die-expo-real-2019-in-muenchen\/#primaryimage"},"thumbnailUrl":"https:\/\/www.eventfotografen.berlin\/wp-content\/uploads\/2020\/02\/39-EXPO-REAL-2019-in-Mu\u0308nchen.jpg","datePublished":"2020-02-10T16:12:02+00:00","dateModified":"2020-05-26T15:19:06+00:00","breadcrumb":{"@id":"https:\/\/www.eventfotografen.berlin\/2020\/02\/10\/die-expo-real-2019-in-muenchen\/#breadcrumb"},"inLanguage":"en-US","potentialAction":[{"@type":"ReadAction","target":["https:\/\/www.eventfotografen.berlin\/2020\/02\/10\/die-expo-real-2019-in-muenchen\/"]}]},{"@type":"ImageObject","inLanguage":"en-US","@id":"https:\/\/www.eventfotografen.berlin\/2020\/02\/10\/die-expo-real-2019-in-muenchen\/#primaryimage","url":"https:\/\/www.eventfotografen.berlin\/wp-content\/uploads\/2020\/02\/39-EXPO-REAL-2019-in-Mu\u0308nchen.jpg","contentUrl":"https:\/\/www.eventfotografen.berlin\/wp-content\/uploads\/2020\/02\/39-EXPO-REAL-2019-in-Mu\u0308nchen.jpg","width":1200,"height":800},{"@type":"BreadcrumbList","@id":"https:\/\/www.eventfotografen.berlin\/2020\/02\/10\/die-expo-real-2019-in-muenchen\/#breadcrumb","itemListElement":[{"@type":"ListItem","position":1,"name":"Startseite","item":"https:\/\/www.eventfotografen.berlin\/en\/"},{"@type":"ListItem","position":2,"name":"Die EXPO REAL 2019 in M\u00fcnchen"}]},{"@type":"WebSite","@id":"https:\/\/www.eventfotografen.berlin\/#website","url":"https:\/\/www.eventfotografen.berlin\/","name":"Eventfotografen Berlin","description":"Ihre Profis f\u00fcr Eventfotografie, Konferenzfotografie &amp; Messefotografie","publisher":{"@id":"https:\/\/www.eventfotografen.berlin\/#organization"},"potentialAction":[{"@type":"SearchAction","target":{"@type":"EntryPoint","urlTemplate":"https:\/\/www.eventfotografen.berlin\/?s={search_term_string}"},"query-input":{"@type":"PropertyValueSpecification","valueRequired":true,"valueName":"search_term_string"}}],"inLanguage":"en-US"},{"@type":"Organization","@id":"https:\/\/www.eventfotografen.berlin\/#organization","name":"Eventfotografen Berlin","url":"https:\/\/www.eventfotografen.berlin\/","logo":{"@type":"ImageObject","inLanguage":"en-US","@id":"https:\/\/www.eventfotografen.berlin\/#\/schema\/logo\/image\/","url":"https:\/\/www.eventfotografen.berlin\/wp-content\/uploads\/2020\/01\/web_logo_eventfotografen_berlin_schmal.png","contentUrl":"https:\/\/www.eventfotografen.berlin\/wp-content\/uploads\/2020\/01\/web_logo_eventfotografen_berlin_schmal.png","width":300,"height":44,"caption":"Eventfotografen Berlin"},"image":{"@id":"https:\/\/www.eventfotografen.berlin\/#\/schema\/logo\/image\/"}},{"@type":"Person","@id":"https:\/\/www.eventfotografen.berlin\/#\/schema\/person\/66588b44235e32eeb19b048e4aca5273","name":"Konstantin","image":{"@type":"ImageObject","inLanguage":"en-US","@id":"https:\/\/secure.gravatar.com\/avatar\/62b47dd914b71aa0ecc4944f344fc8d649c5d1b5c226697b6555fc9ee4d60187?s=96&d=mm&r=g","url":"https:\/\/secure.gravatar.com\/avatar\/62b47dd914b71aa0ecc4944f344fc8d649c5d1b5c226697b6555fc9ee4d60187?s=96&d=mm&r=g","contentUrl":"https:\/\/secure.gravatar.com\/avatar\/62b47dd914b71aa0ecc4944f344fc8d649c5d1b5c226697b6555fc9ee4d60187?s=96&d=mm&r=g","caption":"Konstantin"}}]}},"_links":{"self":[{"href":"https:\/\/www.eventfotografen.berlin\/en\/wp-json\/wp\/v2\/posts\/2822","targetHints":{"allow":["GET"]}}],"collection":[{"href":"https:\/\/www.eventfotografen.berlin\/en\/wp-json\/wp\/v2\/posts"}],"about":[{"href":"https:\/\/www.eventfotografen.berlin\/en\/wp-json\/wp\/v2\/types\/post"}],"author":[{"embeddable":true,"href":"https:\/\/www.eventfotografen.berlin\/en\/wp-json\/wp\/v2\/users\/1"}],"replies":[{"embeddable":true,"href":"https:\/\/www.eventfotografen.berlin\/en\/wp-json\/wp\/v2\/comments?post=2822"}],"version-history":[{"count":5,"href":"https:\/\/www.eventfotografen.berlin\/en\/wp-json\/wp\/v2\/posts\/2822\/revisions"}],"predecessor-version":[{"id":2960,"href":"https:\/\/www.eventfotografen.berlin\/en\/wp-json\/wp\/v2\/posts\/2822\/revisions\/2960"}],"wp:featuredmedia":[{"embeddable":true,"href":"https:\/\/www.eventfotografen.berlin\/en\/wp-json\/wp\/v2\/media\/2812"}],"wp:attachment":[{"href":"https:\/\/www.eventfotografen.berlin\/en\/wp-json\/wp\/v2\/media?parent=2822"}],"wp:term":[{"taxonomy":"category","embeddable":true,"href":"https:\/\/www.eventfotografen.berlin\/en\/wp-json\/wp\/v2\/categories?post=2822"},{"taxonomy":"post_tag","embeddable":true,"href":"https:\/\/www.eventfotografen.berlin\/en\/wp-json\/wp\/v2\/tags?post=2822"},{"taxonomy":"dipi_cpt_category","embeddable":true,"href":"https:\/\/www.eventfotografen.berlin\/en\/wp-json\/wp\/v2\/dipi_cpt_category?post=2822"}],"curies":[{"name":"wp","href":"https:\/\/api.w.org\/{rel}","templated":true}]}}